{"id":6600,"date":"2014-01-07T00:00:00","date_gmt":"2014-01-07T00:00:00","guid":{"rendered":"http:\/\/emlekpont.hu\/?p=6600"},"modified":"2014-01-07T00:00:00","modified_gmt":"2014-01-07T00:00:00","slug":"a-szent-koronarol","status":"publish","type":"post","link":"https:\/\/emlekpont.hu\/?p=6600","title":{"rendered":"A Szent Koron\u00e1r\u00f3l"},"content":{"rendered":"<p>A Szent Koron\u00e1r\u00f3lRendhagy\u00f3 tan\u00f3ra a Szent Korona hazat\u00e9r\u00e9sr\u00f5l az Eml\u00e9kpontban  T\u00f6bb mint h\u00e1rom \u00e9vtizednyi t\u00e1voll\u00e9tet k\u00f6vet\u00f5en, 1978. janu\u00e1r 5-\u00e9n \u00e9rkezett meg a Ferihegyi rep\u00fcl\u00f5t\u00e9rre a Szent Korona, melyet m\u00e1snap a magyar n\u00e9pnek adott vissza az Amerikai Egyes\u00fclt \u00c1llamok k\u00fcl\u00fcgyminisztere. Az \u00e9vfordul\u00f3ra eml\u00e9kezve tegnap d\u00e9lut\u00e1n Kerecsen L\u00e1szl\u00f3 korona\u00f5r rendhagy\u00f3 tan\u00f3r\u00e1n mutatta be az Eml\u00e9kpontban a Szent Korona hazat\u00e9r\u00e9s\u00e9nek t\u00f6rt\u00e9net\u00e9t, a koron\u00e1z\u00e1si \u00e9kszer bonyolult szimb\u00f3lumrendszer\u00e9t.  A Szent Koron\u00e1t \u00e9s a koron\u00e1z\u00e1si erekly\u00e9ket a II. vil\u00e1gh\u00e1bor\u00fa idej\u00e9n, 1944 okt\u00f3ber\u00e9ben a budai V\u00e1rban \u00e1st\u00e1k el a Magyar Kir\u00e1lyi Korona\u00f5rs\u00e9g tagjai. Az el\u00f5renyomul\u00f3 szovjet csapatok el\u00f5l a kir\u00e1lyi \u00e9kszert Veszpr\u00e9mbe, K\u00f5szegre, azt\u00e1n Velembe sz\u00e1ll\u00edtott\u00e1k, majd 1945. m\u00e1rcius 27-\u00e9n a korona\u00f5r\u00f6k Ausztri\u00e1ba menek\u00edtett\u00e9k, v\u00e9g\u00fcl a n\u00e9metorsz\u00e1gi Heidelbergig, az amerikai hadsereg ottani f\u00f5hadisz\u00e1ll\u00e1s\u00e1n helyezt\u00e9k el.  A Szent Korona 20. sz\u00e1zadi k\u00e1lv\u00e1ri\u00e1j\u00e1t \u00e9s hazat\u00e9r\u00e9s\u00e9nek t\u00f6rt\u00e9net\u00e9t Kerecsen L\u00e1szl\u00f3, a Magyar Korona\u00f5r\u00f6k Egyes\u00fclet\u00e9nek tagja mutatta be az Eml\u00e9kpontban, ahol a korona d\u00edsz\u00edt\u00e9s\u00e9t \u00e9s szimb\u00f3lumrendszer\u00e9t is elemezte.  &#8211; Minden, ami mi vagyunk, az megtestes\u00edt\u00f5dik a koron\u00e1ban. Akkora \u00fczenethalmaz van benne, akkora adat, hogy egy \u00e9let is kev\u00e9s lenne hozz\u00e1, hogy meg\u00e9rts\u00fck, ez\u00e9rt sokan egy-egy r\u00e9sz\u00e9t pr\u00f3b\u00e1lj\u00e1k kutatni.      Rendhagy\u00f3 tan\u00f3ra a Szent Koron\u00e1r\u00f3l  &#8211; Sz\u00e1mmisztik\u00e1ja van, az , hogy mi\u00e9rt piros-feh\u00e9r-z\u00f6ld, az is k\u00f3dolva van benne, hogy mekkora a holdnak a napr\u00f3l val\u00f3 t\u00e1vols\u00e1ga, az is k\u00f3dolva van benne, hatalmas tud\u00e1s van benne, amit nyitott sz\u00edvvel \u00e9s l\u00e9lekkel lehet csak meg\u00e9rteni &#8211; mondta Kerecsen L\u00e1szl\u00f3.  Az Egyes\u00fclt \u00c1llamokba sz\u00e1ll\u00edtott kincseket 1945 \u00e9s 1953 k\u00f6z\u00f6tt nyolc k\u00fcl\u00f6nb\u00f6z\u00f5 helyen tartotta az amerikai hadsereg, majd hazat\u00e9r\u00e9sig a Kentucky \u00e1llambeli Fort Knox katonai t\u00e1maszponton \u00f5rizt\u00e9k. Jimmy Carter eln\u00f6ks\u00e9ge alatt, 1978. janu\u00e1r 5-\u00e9n a Szent Korona a koron\u00e1z\u00e1si \u00e9kszerekkel egy\u00fctt ism\u00e9t Magyarorsz\u00e1gra \u00e9rkezett. Janu\u00e1r 6-\u00e1n Cyrus Vance amerikai k\u00fcl\u00fcgyminiszter a Parlament \u00e9p\u00fclet\u00e9ben \u00fcnnep\u00e9lyes keretek k\u00f6z\u00f6tt szolg\u00e1ltatta vissza Magyarorsz\u00e1gnak, a magyar n\u00e9pnek.  Forr\u00e1s: V\u00e1s\u00e1rhelyi Telev\u00edzi\u00f3<\/p>\n","protected":false},"excerpt":{"rendered":"<p>A Szent Koron\u00e1r\u00f3lRendhagy\u00f3 tan\u00f3ra a Szent Korona hazat\u00e9r\u00e9sr\u00f5l az Eml\u00e9kpontban T\u00f6bb mint h\u00e1rom \u00e9vtizednyi t\u00e1voll\u00e9tet k\u00f6vet\u00f5en, 1978. janu\u00e1r 5-\u00e9n \u00e9rkezett meg a Ferihegyi rep\u00fcl\u00f5t\u00e9rre a Szent Korona, melyet m\u00e1snap a magyar n\u00e9pnek adott vissza az Amerikai Egyes\u00fclt \u00c1llamok k\u00fcl\u00fcgyminisztere. Az \u00e9vfordul\u00f3ra eml\u00e9kezve tegnap d\u00e9lut\u00e1n Kerecsen L\u00e1szl\u00f3 korona\u00f5r rendhagy\u00f3 tan\u00f3r\u00e1n mutatta be az Eml\u00e9kpontban a Szent [&hellip;]<\/p>\n","protected":false},"author":5,"featured_media":0,"comment_status":"open","ping_status":"open","sticky":false,"template":"","format":"standard","meta":{"footnotes":""},"categories":[12,8,17],"tags":[],"_links":{"self":[{"href":"https:\/\/emlekpont.hu\/index.php?rest_route=\/wp\/v2\/posts\/6600"}],"collection":[{"href":"https:\/\/emlekpont.hu\/index.php?rest_route=\/wp\/v2\/posts"}],"about":[{"href":"https:\/\/emlekpont.hu\/index.php?rest_route=\/wp\/v2\/types\/post"}],"author":[{"embeddable":true,"href":"https:\/\/emlekpont.hu\/index.php?rest_route=\/wp\/v2\/users\/5"}],"replies":[{"embeddable":true,"href":"https:\/\/emlekpont.hu\/index.php?rest_route=%2Fwp%2Fv2%2Fcomments&post=6600"}],"version-history":[{"count":0,"href":"https:\/\/emlekpont.hu\/index.php?rest_route=\/wp\/v2\/posts\/6600\/revisions"}],"wp:attachment":[{"href":"https:\/\/emlekpont.hu\/index.php?rest_route=%2Fwp%2Fv2%2Fmedia&parent=6600"}],"wp:term":[{"taxonomy":"category","embeddable":true,"href":"https:\/\/emlekpont.hu\/index.php?rest_route=%2Fwp%2Fv2%2Fcategories&post=6600"},{"taxonomy":"post_tag","embeddable":true,"href":"https:\/\/emlekpont.hu\/index.php?rest_route=%2Fwp%2Fv2%2Ftags&post=6600"}],"curies":[{"name":"wp","href":"https:\/\/api.w.org\/{rel}","templated":true}]}}