{"id":6538,"date":"2014-09-24T00:00:00","date_gmt":"2014-09-24T00:00:00","guid":{"rendered":"http:\/\/emlekpont.hu\/?p=6538"},"modified":"2014-09-24T00:00:00","modified_gmt":"2014-09-24T00:00:00","slug":"szike-ecset-vadaszpuska","status":"publish","type":"post","link":"https:\/\/emlekpont.hu\/?p=6538","title":{"rendered":"Szike, ecset, vad\u00e1szpuska&#8230;"},"content":{"rendered":"<p>Szike, ecset, vad\u00e1szpuska&#8230;K\u00f6z\u00e9leti est Dr. So\u00f3s L\u00e1szl\u00f3 seb\u00e9sz f\u00f5orvossal  Az Eml\u00e9kpont k\u00f6z\u00e9leti sorozat\u00e1nak vend\u00e9ge Dr. So\u00f3s L\u00e1szl\u00f3 nyugalmazott seb\u00e9sz f\u00f5orvos lesz, akivel \u00c1rva L\u00e1szl\u00f3, a k\u00f6zgy\u00fbjtem\u00e9ny vezet\u00f5je besz\u00e9lget szeptember 25-\u00e9n, cs\u00fct\u00f6rt\u00f6k\u00f6n 17 \u00f3rai kezdettel a Andr\u00e1ssy \u00fati ki\u00e1ll\u00edt\u00f3hely el\u00f5ad\u00f3term\u00e9ben szakmai \u00e9let\u00fatj\u00e1r\u00f3l, term\u00e9szetszeretet\u00e9r\u00f5l \u00e9s m\u00fbv\u00e9szet ir\u00e1nti szenved\u00e9ly\u00e9r\u00f5l.  Dr. So\u00f3s L\u00e1szl\u00f3 1944-ben H\u00f3dmez\u00f5v\u00e1s\u00e1rhelyen sz\u00fcletett. A Bethlen G\u00e1bor Gimn\u00e1ziumban \u00e9retts\u00e9gizett. 1970-ben szerzett orvosi diplom\u00e1t Szegeden, majd a h\u00f3dmez\u00f5v\u00e1s\u00e1rhelyi k\u00f3rh\u00e1zban, a seb\u00e9szeti oszt\u00e1lyon helyezkedett el. T\u00f6bb mint negyven \u00e9ves orvosi \u00e9s seb\u00e9szi munk\u00e1ja sor\u00e1n nagy n\u00e9pszer\u00fbs\u00e9gre \u00e9s megbecs\u00fcl\u00e9sre tett szert a v\u00e1s\u00e1rhelyi betegek k\u00f6r\u00e9ben. A fest\u00e9szettel \u00e9s a vad\u00e1szattal egyetemi \u00e9vei alatt ker\u00fclt kapcsolatba. \u00bdMa is \u00fcnnep sz\u00e1momra, ha vad\u00e1szpusk\u00e1val vagy ecsettel j\u00e1rhatom e t\u00e1jat.\u00bd &#8211; vallja a nyugalmazott k\u00e9z- \u00e9s plasztikai seb\u00e9sz f\u00f5orvos. Festm\u00e9nyei term\u00e9szeti t\u00e9m\u00e1j\u00faak, f\u00f5leg a vad\u00e1szat szeretet\u00e9r\u00f5l, a t\u00e1j \u00e9s a vadak ir\u00e1nti tiszteletr\u00f5l sz\u00f3lnak. Sz\u00fcl\u00f5v\u00e1rosa 2012-ben Pro Urbe kit\u00fcntet\u00e9sben r\u00e9szes\u00edtette Dr. So\u00f3s L\u00e1szl\u00f3t a h\u00f3dmez\u00f5v\u00e1s\u00e1rhelyi polg\u00e1rok\u00e9rt v\u00e9gzett \u00e1ldozatos munk\u00e1ss\u00e1g\u00e1nak elismer\u00e9sek\u00e9nt.<\/p>\n","protected":false},"excerpt":{"rendered":"<p>Szike, ecset, vad\u00e1szpuska&#8230;K\u00f6z\u00e9leti est Dr. So\u00f3s L\u00e1szl\u00f3 seb\u00e9sz f\u00f5orvossal Az Eml\u00e9kpont k\u00f6z\u00e9leti sorozat\u00e1nak vend\u00e9ge Dr. So\u00f3s L\u00e1szl\u00f3 nyugalmazott seb\u00e9sz f\u00f5orvos lesz, akivel \u00c1rva L\u00e1szl\u00f3, a k\u00f6zgy\u00fbjtem\u00e9ny vezet\u00f5je besz\u00e9lget szeptember 25-\u00e9n, cs\u00fct\u00f6rt\u00f6k\u00f6n 17 \u00f3rai kezdettel a Andr\u00e1ssy \u00fati ki\u00e1ll\u00edt\u00f3hely el\u00f5ad\u00f3term\u00e9ben szakmai \u00e9let\u00fatj\u00e1r\u00f3l, term\u00e9szetszeretet\u00e9r\u00f5l \u00e9s m\u00fbv\u00e9szet ir\u00e1nti szenved\u00e9ly\u00e9r\u00f5l. Dr. So\u00f3s L\u00e1szl\u00f3 1944-ben H\u00f3dmez\u00f5v\u00e1s\u00e1rhelyen sz\u00fcletett. A Bethlen G\u00e1bor [&hellip;]<\/p>\n","protected":false},"author":5,"featured_media":0,"comment_status":"open","ping_status":"open","sticky":false,"template":"","format":"standard","meta":{"footnotes":""},"categories":[12,8,17],"tags":[],"_links":{"self":[{"href":"https:\/\/emlekpont.hu\/index.php?rest_route=\/wp\/v2\/posts\/6538"}],"collection":[{"href":"https:\/\/emlekpont.hu\/index.php?rest_route=\/wp\/v2\/posts"}],"about":[{"href":"https:\/\/emlekpont.hu\/index.php?rest_route=\/wp\/v2\/types\/post"}],"author":[{"embeddable":true,"href":"https:\/\/emlekpont.hu\/index.php?rest_route=\/wp\/v2\/users\/5"}],"replies":[{"embeddable":true,"href":"https:\/\/emlekpont.hu\/index.php?rest_route=%2Fwp%2Fv2%2Fcomments&post=6538"}],"version-history":[{"count":0,"href":"https:\/\/emlekpont.hu\/index.php?rest_route=\/wp\/v2\/posts\/6538\/revisions"}],"wp:attachment":[{"href":"https:\/\/emlekpont.hu\/index.php?rest_route=%2Fwp%2Fv2%2Fmedia&parent=6538"}],"wp:term":[{"taxonomy":"category","embeddable":true,"href":"https:\/\/emlekpont.hu\/index.php?rest_route=%2Fwp%2Fv2%2Fcategories&post=6538"},{"taxonomy":"post_tag","embeddable":true,"href":"https:\/\/emlekpont.hu\/index.php?rest_route=%2Fwp%2Fv2%2Ftags&post=6538"}],"curies":[{"name":"wp","href":"https:\/\/api.w.org\/{rel}","templated":true}]}}