{"id":4644,"date":"2019-04-12T12:46:00","date_gmt":"2019-04-12T12:46:00","guid":{"rendered":"http:\/\/emlekpont.hu\/?p=4644"},"modified":"2020-03-11T12:48:13","modified_gmt":"2020-03-11T12:48:13","slug":"a-felvidekrol-kitelepitett-magyarokrol-hallhattak-eloadast-a-makoi-diakok-az-emlekpontban","status":"publish","type":"post","link":"https:\/\/emlekpont.hu\/?p=4644","title":{"rendered":"A Felvid\u00e9kr\u0151l kitelep\u00edtett magyarokr\u00f3l hallhattak el\u0151ad\u00e1st a mak\u00f3i di\u00e1kok az Eml\u00e9kpontban"},"content":{"rendered":"\n<p><strong>Rendhagy\u00f3 t\u00f6rt\u00e9nelem\u00f3r\u00e1val eml\u00e9keztek meg a mai napon az Eml\u00e9kpontban a Felvid\u00e9kr\u0151l kitelep\u00edtett magyarokr\u00f3l. A mak\u00f3i J\u00f3zsef Attila Gimn\u00e1zium di\u00e1kjai visszaeml\u00e9kez\u00e9seket is meghallgattak Nagy Gy\u00f6ngyi t\u00f6rt\u00e9n\u00e9sz tolm\u00e1csol\u00e1s\u00e1ban.<\/strong><\/p>\n\n\n\n<figure class=\"wp-block-image size-large\"><img fetchpriority=\"high\" decoding=\"async\" width=\"1024\" height=\"768\" src=\"http:\/\/emlekpont.hu\/wp-content\/uploads\/2020\/03\/IMG_20190412_111100-1024x768.jpg\" alt=\"\" class=\"wp-image-4643\" srcset=\"https:\/\/emlekpont.hu\/wp-content\/uploads\/2020\/03\/IMG_20190412_111100-1024x768.jpg 1024w, https:\/\/emlekpont.hu\/wp-content\/uploads\/2020\/03\/IMG_20190412_111100-300x225.jpg 300w, https:\/\/emlekpont.hu\/wp-content\/uploads\/2020\/03\/IMG_20190412_111100-768x576.jpg 768w, https:\/\/emlekpont.hu\/wp-content\/uploads\/2020\/03\/IMG_20190412_111100-1536x1152.jpg 1536w, https:\/\/emlekpont.hu\/wp-content\/uploads\/2020\/03\/IMG_20190412_111100-2048x1536.jpg 2048w, https:\/\/emlekpont.hu\/wp-content\/uploads\/2020\/03\/IMG_20190412_111100-830x623.jpg 830w, https:\/\/emlekpont.hu\/wp-content\/uploads\/2020\/03\/IMG_20190412_111100-230x173.jpg 230w, https:\/\/emlekpont.hu\/wp-content\/uploads\/2020\/03\/IMG_20190412_111100-350x263.jpg 350w, https:\/\/emlekpont.hu\/wp-content\/uploads\/2020\/03\/IMG_20190412_111100-480x360.jpg 480w\" sizes=\"(max-width: 1024px) 100vw, 1024px\" \/><\/figure>\n\n\n\n<p>A 2015 \u00f3ta, minden \u00e9vben megrendezett el\u0151ad\u00e1son a fiatalok meghallgathatt\u00e1k\nNagy Gy\u00f6ngyi az int\u00e9zm\u00e9ny t\u00f6rt\u00e9n\u00e9sz\u00e9nek el\u0151dad\u00e1st. A mai napon orsz\u00e1gszerte, a\nkultur\u00e1lis vil\u00e1gban felid\u00e9zik az akkori esem\u00e9nyeket. A t\u00f6rt\u00e9n\u00e9sz elmondta, hogy\n1945 ut\u00e1n, amikor a m\u00e1sodik vil\u00e1gh\u00e1bor\u00fa v\u00e9get \u00e9rt, Eduard Benes, a Csehszlov\u00e1k\nK\u00f6zt\u00e1rsas\u00e1g m\u00e1sodik eln\u00f6k\u00e9nek az volt a c\u00e9lja, hogy egy homog\u00e9n, szl\u00e1v\nnemzet\u00e1llamot alak\u00edt.<\/p>\n\n\n\n<p>Az I. vil\u00e1gh\u00e1bor\u00fa ut\u00e1n az Osztr\u00e1k-Magyar Monarchia\nf\u00f6lbomlott, \u00e9s Magyarorsz\u00e1gr\u00f3l a trianoni b\u00e9keszerz\u0151d\u00e9s \u00e9rtelm\u00e9ben elker\u00fcltek a\nk\u00fcl\u00f6nb\u00f6z\u0151 nemzetis\u00e9gek, m\u00e1s-m\u00e1s orsz\u00e1gokba. Majd az els\u0151 b\u00e9csi d\u00f6nt\u00e9s\n\u00e9rtelm\u00e9ben visszacsatolt\u00e1k Felvid\u00e9k magyar lakta s\u00e1vj\u00e1t 1938. november 2-\u00e1n.<\/p>\n\n\n\n<p>A t\u00f6rt\u00e9n\u00e9sz hozz\u00e1tette, hogy 1947. febru\u00e1r 27-\u00e9n a magyar \u00e9s\na csehszlov\u00e1k k\u00fcl\u00fcgyminiszter al\u00e1\u00edrt egy szerz\u0151d\u00e9st, mely tartalmazta a\nk\u00e9toldal\u00fa lakoss\u00e1gcsere egyezm\u00e9nyt. Teh\u00e1t ah\u00e1ny magyarorsz\u00e1gi szlov\u00e1k\njelentkezett \u00f6nk\u00e9nt Csehszlov\u00e1ki\u00e1ba, annyit telep\u00edthettek \u00e1t vissza\nMagyarorsz\u00e1gra. 1947. \u00e1prilis 12-\u00e9n megindult az els\u0151 vonat, mely az \u00e1ttelep\u00fcl\u0151\nmagyarokat sz\u00e1ll\u00edtotta \u00e9s az utols\u00f3 szerelv\u00e9ny 1949. j\u00fanius\u00e1ban g\u00f6rd\u00fclt ki.<\/p>\n\n\n\n<p>A mak\u00f3i J\u00f3zsef Attila Gimn\u00e1zium tanul\u00f3i az esem\u00e9nyek\nismertet\u00e9s\u00e9n k\u00edv\u00fcl visszaeml\u00e9kez\u00e9seket is meghallgattak Nagy Gy\u00f6ngyi\ntolm\u00e1csol\u00e1s\u00e1ban a rendhagy\u00f3 t\u00f6rt\u00e9nelem\u00f3ra keret\u00e9ben.<\/p>\n\n\n\n<style type=\"text\/css\">\r\n\t#foogallery-gallery-4636 .fg-image {\r\n        width: 150px;\r\n    }\r\n<\/style>\r\n\t\t\t\t<div class=\"foogallery foogallery-container foogallery-default foogallery-lightbox-foobox fg-gutter-10 fg-center fg-default fg-light fg-border-thin fg-shadow-outline fg-loading-default fg-loaded-fade-in fg-caption-hover fg-hover-fade fg-hover-zoom fg-ready\" id=\"foogallery-gallery-4636\" data-foogallery=\"{&quot;item&quot;:{&quot;showCaptionTitle&quot;:true,&quot;showCaptionDescription&quot;:true},&quot;lazy&quot;:true}\" >\r\n\t<div class=\"fg-item fg-type-image fg-idle\"><figure class=\"fg-item-inner\"><a href=\"https:\/\/emlekpont.hu\/wp-content\/uploads\/2020\/03\/0412_Felvidekrol_kitelepitettek_FB-scaled.jpg\" data-attachment-id=\"4637\" data-type=\"image\" class=\"fg-thumb\"><span class=\"fg-image-wrap\"><img decoding=\"async\" width=\"150\" height=\"150\" class=\"skip-lazy fg-image\" data-src-fg=\"https:\/\/emlekpont.hu\/wp-content\/uploads\/cache\/2020\/03\/0412_Felvidekrol_kitelepitettek_FB-scaled\/163142859.jpg\" src=\"data:image\/svg+xml,%3Csvg%20xmlns%3D%22http%3A%2F%2Fwww.w3.org%2F2000%2Fsvg%22%20width%3D%22150%22%20height%3D%22150%22%20viewBox%3D%220%200%20150%20150%22%3E%3C%2Fsvg%3E\" loading=\"eager\"><\/span><span class=\"fg-image-overlay\"><\/span><\/a><figcaption class=\"fg-caption\"><div class=\"fg-caption-inner\"><\/div><\/figcaption><\/figure><div class=\"fg-loader\"><\/div><\/div><div class=\"fg-item fg-type-image fg-idle\"><figure class=\"fg-item-inner\"><a href=\"https:\/\/emlekpont.hu\/wp-content\/uploads\/2020\/03\/IMG_20190412_110803-scaled.jpg\" data-attachment-id=\"4638\" data-type=\"image\" class=\"fg-thumb\"><span class=\"fg-image-wrap\"><img decoding=\"async\" width=\"150\" height=\"150\" class=\"skip-lazy fg-image\" data-src-fg=\"https:\/\/emlekpont.hu\/wp-content\/uploads\/cache\/2020\/03\/IMG_20190412_110803-scaled\/1276984591.jpg\" src=\"data:image\/svg+xml,%3Csvg%20xmlns%3D%22http%3A%2F%2Fwww.w3.org%2F2000%2Fsvg%22%20width%3D%22150%22%20height%3D%22150%22%20viewBox%3D%220%200%20150%20150%22%3E%3C%2Fsvg%3E\" loading=\"eager\"><\/span><span class=\"fg-image-overlay\"><\/span><\/a><figcaption class=\"fg-caption\"><div class=\"fg-caption-inner\"><\/div><\/figcaption><\/figure><div class=\"fg-loader\"><\/div><\/div><div class=\"fg-item fg-type-image fg-idle\"><figure class=\"fg-item-inner\"><a href=\"https:\/\/emlekpont.hu\/wp-content\/uploads\/2020\/03\/IMG_20190412_110824-scaled.jpg\" data-attachment-id=\"4639\" data-type=\"image\" class=\"fg-thumb\"><span class=\"fg-image-wrap\"><img decoding=\"async\" width=\"150\" height=\"150\" class=\"skip-lazy fg-image\" data-src-fg=\"https:\/\/emlekpont.hu\/wp-content\/uploads\/cache\/2020\/03\/IMG_20190412_110824-scaled\/3449521237.jpg\" src=\"data:image\/svg+xml,%3Csvg%20xmlns%3D%22http%3A%2F%2Fwww.w3.org%2F2000%2Fsvg%22%20width%3D%22150%22%20height%3D%22150%22%20viewBox%3D%220%200%20150%20150%22%3E%3C%2Fsvg%3E\" loading=\"eager\"><\/span><span class=\"fg-image-overlay\"><\/span><\/a><figcaption class=\"fg-caption\"><div class=\"fg-caption-inner\"><\/div><\/figcaption><\/figure><div class=\"fg-loader\"><\/div><\/div><div class=\"fg-item fg-type-image fg-idle\"><figure class=\"fg-item-inner\"><a href=\"https:\/\/emlekpont.hu\/wp-content\/uploads\/2020\/03\/IMG_20190412_110858-1210x642-1.jpg\" data-attachment-id=\"4640\" data-type=\"image\" class=\"fg-thumb\"><span class=\"fg-image-wrap\"><img decoding=\"async\" width=\"150\" height=\"150\" class=\"skip-lazy fg-image\" data-src-fg=\"https:\/\/emlekpont.hu\/wp-content\/uploads\/cache\/2020\/03\/IMG_20190412_110858-1210x642-1\/2537998957.jpg\" src=\"data:image\/svg+xml,%3Csvg%20xmlns%3D%22http%3A%2F%2Fwww.w3.org%2F2000%2Fsvg%22%20width%3D%22150%22%20height%3D%22150%22%20viewBox%3D%220%200%20150%20150%22%3E%3C%2Fsvg%3E\" loading=\"eager\"><\/span><span class=\"fg-image-overlay\"><\/span><\/a><figcaption class=\"fg-caption\"><div class=\"fg-caption-inner\"><\/div><\/figcaption><\/figure><div class=\"fg-loader\"><\/div><\/div><div class=\"fg-item fg-type-image fg-idle\"><figure class=\"fg-item-inner\"><a href=\"https:\/\/emlekpont.hu\/wp-content\/uploads\/2020\/03\/IMG_20190412_110916-scaled.jpg\" data-attachment-id=\"4641\" data-type=\"image\" class=\"fg-thumb\"><span class=\"fg-image-wrap\"><img decoding=\"async\" width=\"150\" height=\"150\" class=\"skip-lazy fg-image\" data-src-fg=\"https:\/\/emlekpont.hu\/wp-content\/uploads\/cache\/2020\/03\/IMG_20190412_110916-scaled\/594307790.jpg\" src=\"data:image\/svg+xml,%3Csvg%20xmlns%3D%22http%3A%2F%2Fwww.w3.org%2F2000%2Fsvg%22%20width%3D%22150%22%20height%3D%22150%22%20viewBox%3D%220%200%20150%20150%22%3E%3C%2Fsvg%3E\" loading=\"eager\"><\/span><span class=\"fg-image-overlay\"><\/span><\/a><figcaption class=\"fg-caption\"><div class=\"fg-caption-inner\"><\/div><\/figcaption><\/figure><div class=\"fg-loader\"><\/div><\/div><div class=\"fg-item fg-type-image fg-idle\"><figure class=\"fg-item-inner\"><a href=\"https:\/\/emlekpont.hu\/wp-content\/uploads\/2020\/03\/IMG_20190412_110932-scaled.jpg\" data-attachment-id=\"4642\" data-type=\"image\" class=\"fg-thumb\"><span class=\"fg-image-wrap\"><img decoding=\"async\" width=\"150\" height=\"150\" class=\"skip-lazy fg-image\" data-src-fg=\"https:\/\/emlekpont.hu\/wp-content\/uploads\/cache\/2020\/03\/IMG_20190412_110932-scaled\/1386846698.jpg\" src=\"data:image\/svg+xml,%3Csvg%20xmlns%3D%22http%3A%2F%2Fwww.w3.org%2F2000%2Fsvg%22%20width%3D%22150%22%20height%3D%22150%22%20viewBox%3D%220%200%20150%20150%22%3E%3C%2Fsvg%3E\" loading=\"eager\"><\/span><span class=\"fg-image-overlay\"><\/span><\/a><figcaption class=\"fg-caption\"><div class=\"fg-caption-inner\"><\/div><\/figcaption><\/figure><div class=\"fg-loader\"><\/div><\/div><div class=\"fg-item fg-type-image fg-idle\"><figure class=\"fg-item-inner\"><a href=\"https:\/\/emlekpont.hu\/wp-content\/uploads\/2020\/03\/IMG_20190412_111100-scaled.jpg\" data-attachment-id=\"4643\" data-type=\"image\" class=\"fg-thumb\"><span class=\"fg-image-wrap\"><img decoding=\"async\" width=\"150\" height=\"150\" class=\"skip-lazy fg-image\" data-src-fg=\"https:\/\/emlekpont.hu\/wp-content\/uploads\/cache\/2020\/03\/IMG_20190412_111100-scaled\/1199765205.jpg\" src=\"data:image\/svg+xml,%3Csvg%20xmlns%3D%22http%3A%2F%2Fwww.w3.org%2F2000%2Fsvg%22%20width%3D%22150%22%20height%3D%22150%22%20viewBox%3D%220%200%20150%20150%22%3E%3C%2Fsvg%3E\" loading=\"eager\"><\/span><span class=\"fg-image-overlay\"><\/span><\/a><figcaption class=\"fg-caption\"><div class=\"fg-caption-inner\"><\/div><\/figcaption><\/figure><div class=\"fg-loader\"><\/div><\/div><\/div>\r\n\n","protected":false},"excerpt":{"rendered":"<p>Rendhagy\u00f3 t\u00f6rt\u00e9nelem\u00f3r\u00e1val eml\u00e9keztek meg a mai napon az Eml\u00e9kpontban a Felvid\u00e9kr\u0151l kitelep\u00edtett magyarokr\u00f3l. A mak\u00f3i J\u00f3zsef Attila Gimn\u00e1zium di\u00e1kjai visszaeml\u00e9kez\u00e9seket is meghallgattak Nagy Gy\u00f6ngyi t\u00f6rt\u00e9n\u00e9sz tolm\u00e1csol\u00e1s\u00e1ban. A 2015 \u00f3ta, minden \u00e9vben megrendezett el\u0151ad\u00e1son a fiatalok meghallgathatt\u00e1k Nagy Gy\u00f6ngyi az int\u00e9zm\u00e9ny t\u00f6rt\u00e9n\u00e9sz\u00e9nek el\u0151dad\u00e1st. A mai napon orsz\u00e1gszerte, a kultur\u00e1lis vil\u00e1gban felid\u00e9zik az akkori esem\u00e9nyeket. A t\u00f6rt\u00e9n\u00e9sz [&hellip;]<\/p>\n","protected":false},"author":5,"featured_media":4638,"comment_status":"closed","ping_status":"closed","sticky":false,"template":"","format":"standard","meta":{"footnotes":""},"categories":[12,8],"tags":[],"_links":{"self":[{"href":"https:\/\/emlekpont.hu\/index.php?rest_route=\/wp\/v2\/posts\/4644"}],"collection":[{"href":"https:\/\/emlekpont.hu\/index.php?rest_route=\/wp\/v2\/posts"}],"about":[{"href":"https:\/\/emlekpont.hu\/index.php?rest_route=\/wp\/v2\/types\/post"}],"author":[{"embeddable":true,"href":"https:\/\/emlekpont.hu\/index.php?rest_route=\/wp\/v2\/users\/5"}],"replies":[{"embeddable":true,"href":"https:\/\/emlekpont.hu\/index.php?rest_route=%2Fwp%2Fv2%2Fcomments&post=4644"}],"version-history":[{"count":1,"href":"https:\/\/emlekpont.hu\/index.php?rest_route=\/wp\/v2\/posts\/4644\/revisions"}],"predecessor-version":[{"id":4645,"href":"https:\/\/emlekpont.hu\/index.php?rest_route=\/wp\/v2\/posts\/4644\/revisions\/4645"}],"wp:featuredmedia":[{"embeddable":true,"href":"https:\/\/emlekpont.hu\/index.php?rest_route=\/wp\/v2\/media\/4638"}],"wp:attachment":[{"href":"https:\/\/emlekpont.hu\/index.php?rest_route=%2Fwp%2Fv2%2Fmedia&parent=4644"}],"wp:term":[{"taxonomy":"category","embeddable":true,"href":"https:\/\/emlekpont.hu\/index.php?rest_route=%2Fwp%2Fv2%2Fcategories&post=4644"},{"taxonomy":"post_tag","embeddable":true,"href":"https:\/\/emlekpont.hu\/index.php?rest_route=%2Fwp%2Fv2%2Ftags&post=4644"}],"curies":[{"name":"wp","href":"https:\/\/api.w.org\/{rel}","templated":true}]}}