{"id":2498,"date":"2019-02-26T11:50:00","date_gmt":"2019-02-26T11:50:00","guid":{"rendered":"http:\/\/emlekpont.hu\/?p=2498"},"modified":"2020-02-06T11:52:17","modified_gmt":"2020-02-06T11:52:17","slug":"az-56-os-forradalom-nevtelen-hoseirol-az-emlekpontban","status":"publish","type":"post","link":"https:\/\/emlekpont.hu\/?p=2498","title":{"rendered":"Az 56-os forradalom n\u00e9vtelen h\u0151seir\u0151l az Eml\u00e9kpontban"},"content":{"rendered":"\n<p><strong>Tankok, vir\u00e1gok, t\u00f6rt\u00e9netek<\/strong><\/p>\n\n\n\n<p><strong>A f\u0151v\u00e1rosba tart\u00f3 szovjet harckocsioszlopot meg\u00e1ll\u00edt\u00f3 kisl\u00e1ny \u00e9s a j\u00e1szber\u00e9nyi templom h\u00edveire kiadott t\u0171zparancsot megtagad\u00f3 szovjet katonatiszt t\u00f6rt\u00e9nete is elhangzott Martink\u00f3 K\u00e1roly \u00fajs\u00e1g\u00edr\u00f3, nyugalmazott rend\u0151r alezredes <em>Hittel, sz\u00edvvel \u00e9s fegyverrel<\/em> c\u00edmmel a kommunizmus \u00e1ldozatainak eml\u00e9knapj\u00e1n az Eml\u00e9kpontban megtartott rendhagy\u00f3 t\u00f6rt\u00e9nelem\u00f3r\u00e1j\u00e1n.<\/strong><\/p>\n\n\n\n<p>Az el\u0151ad\u00e1son,\namelyen a Sz\u0151nyi Benj\u00e1min Reform\u00e1tus \u00c1ltal\u00e1nos Iskola nyolcadikosai \u00e9s a Gregus\nM\u00e1t\u00e9 Mez\u0151gazdas\u00e1gi Szakk\u00e9pz\u0151 Iskola tizenkettedikes di\u00e1kjai vettek r\u00e9szt,\nMartink\u00f3 K\u00e1roly elmes\u00e9lte annak a kisl\u00e1nynak a t\u00f6rt\u00e9net\u00e9t, aki 1956. november\n4-\u00e9n Mez\u0151k\u00f6vesden a f\u0151v\u00e1rosba tart\u00f3 szovjet harckocsikonvoj el\u00e9 \u00e1llt. A tankok\nmeg\u00e1lltak az \u00fat k\u00f6zep\u00e9re b\u00e1tran ki\u00e1ll\u00f3 T\u00f3th M\u00e1ria el\u0151tt, s addig v\u00e1rakoztak,\nam\u00edg M\u00e1ria oszt\u00e1lyt\u00e1rsai el nem vonszolt\u00e1k az \u00fatr\u00f3l a kisl\u00e1nyt. <\/p>\n\n\n\n<p>Elhangzott az\nel\u0151ad\u00e1son az 1948-as \u00fasz\u00f3olimpikon, az egri K\u00e1das G\u00e9za t\u00f6rt\u00e9nete is. A\ntelep\u00fcl\u00e9sen is n\u00e9pszer\u0171 sportol\u00f3t 1956-ban egy rendezv\u00e9ny sz\u00f3nok\u00e1nak k\u00e9rt\u00e9k fel\na hevesi megyesz\u00e9khelyen, aki a felk\u00e9r\u00e9snek eleget is tett. Mindez\u00e9rt a\nforradalom lever\u00e9s\u00e9t k\u00f6vet\u0151en nyolc \u00e9v b\u00f6rt\u00f6nre \u00edt\u00e9lt\u00e9k, s az ott rendszeresen\nalkalmazott er\u0151szak miatt \u00e9l\u0151halottk\u00e9nt hagyta el a b\u00fcntet\u00e9sv\u00e9grehajt\u00e1si\nint\u00e9zm\u00e9nyt. Eml\u00e9k\u00e9t ma az egri sportm\u00fazeumban eml\u00e9km\u0171, s a v\u00e1rosban utcan\u00e9v\n\u0151rzi.<\/p>\n\n\n\n<p>Martink\u00f3 K\u00e1roly\nmegismertette a fiatalokat egy 1956-ban, J\u00e1szber\u00e9nyben t\u00f6rt\u00e9nt eset\nr\u00e9szleteivel is. A forradalom kit\u00f6r\u00e9s\u00e9t k\u00f6vet\u0151en a v\u00e1rosban a rendet az ott\nhosszabb ideje \u00e1llom\u00e1soz\u00f3 szovjet p\u00e1nc\u00e9los z\u00e1szl\u00f3alj k\u00f6z\u00f6sen biztos\u00edtotta a\nmagyar nemzet\u0151r\u00f6kkel \u00e9s a rend\u0151r\u00f6kkel. November 4-\u00e9t k\u00f6vet\u0151en a szovjet egys\u00e9g\nparancsnoka feljebbval\u00f3it\u00f3l utas\u00edt\u00e1st kapott, hogy nyisson t\u00fczet a vas\u00e1rnapi\nmis\u00e9r\u0151l a templomb\u00f3l kil\u00e9p\u0151 h\u00edvekre. A tiszt a parancsot megtagadta, s nem\nkellett sok\u00e1ig v\u00e1rni, hogy a helikopterrel a j\u00e1szber\u00e9nyi laktany\u00e1ba \u00e9rkez\u0151\nszovjet egys\u00e9g katon\u00e1i stat\u00e1ri\u00e1lisan kiv\u00e9gezz\u00e9k a tisztet. Ideiglenesen az \u00fat\nmellett hantolt\u00e1k el, majd egy \u00e9vre r\u00e1 a helyi temet\u0151 szovjet katonas\u00edrjainak\negyik\u00e9be helyezt\u00e9k a holttestet. <\/p>\n\n\n\n<p>Martink\u00f3 K\u00e1roly\nfeltett c\u00e9lja, hogy a parancs megtagad\u00e1s\u00e1val ak\u00e1r t\u00f6bb sz\u00e1z \u00e9letet is megment\u0151\nkaton\u00e1t rehabilit\u00e1lj\u00e1k \u00e9s eml\u00e9km\u0171vel tisztelegjenek cselekedete el\u0151tt.\nMindennek el\u00e9r\u00e9s\u00e9re \u2013 mint elmes\u00e9lte \u2013 m\u00e1r az orosz eln\u00f6knek is \u00edrt levelet. Az\nel\u0151ad\u00f3 Putyin eln\u00f6kr\u0151l is megosztott egy t\u00f6rt\u00e9netet. A Leningr\u00e1dban\noszt\u00e1lykir\u00e1ndul\u00e1son tart\u00f3zkod\u00f3 magyar kisl\u00e1ny egy helyi fiatalemberrel\nismerkedett meg, s a l\u00e1ny, ahelyett, hogy az oszt\u00e1llyal tartott volna, a\nfiatalemberrel tekintette meg a v\u00e1ros nevezetess\u00e9geit. M\u00e1snapra randev\u00fat\nbesz\u00e9ltek meg, azonban a kisl\u00e1ny tan\u00e1rai nem engedt\u00e9k, hogy elhagyja a\nsz\u00e1ll\u00e1st. A nagy csokorral a hotel el\u0151tt hosszasan s\u00e9t\u00e1l\u00f3 fiatalember v\u00e9g\u00fcl a\nvir\u00e1got egy id\u0151s h\u00f6lgynek adta, s az ablakb\u00f3l kikukucsk\u00e1l\u00f3 oszt\u00e1lyt\u00e1rsak m\u00e9g\nl\u00e1tt\u00e1k a csal\u00f3dottan els\u00e9t\u00e1l\u00f3 Vlagyimir Vlagyimirovicsot, azaz a mai orosz\neln\u00f6k\u00f6t, Putyint \u2013 fejezte be a t\u00f6rt\u00e9netet Martink\u00f3 K\u00e1roly.<\/p>\n\n\n\n<style type=\"text\/css\">\r\n\t#foogallery-gallery-2490 .fg-image {\r\n        width: 150px;\r\n    }\r\n<\/style>\r\n\t\t\t\t<div class=\"foogallery foogallery-container foogallery-default foogallery-lightbox-foobox fg-gutter-10 fg-center fg-default fg-light fg-border-thin fg-shadow-outline fg-loading-default fg-loaded-fade-in fg-caption-hover fg-hover-fade fg-hover-zoom fg-ready\" id=\"foogallery-gallery-2490\" data-foogallery=\"{&quot;item&quot;:{&quot;showCaptionTitle&quot;:true,&quot;showCaptionDescription&quot;:true},&quot;lazy&quot;:true}\" >\r\n\t<div class=\"fg-item fg-type-image fg-idle\"><figure class=\"fg-item-inner\"><a href=\"https:\/\/emlekpont.hu\/wp-content\/uploads\/2020\/02\/2019_0225_Martinko_03.jpg\" data-attachment-id=\"2491\" data-type=\"image\" class=\"fg-thumb\"><span class=\"fg-image-wrap\"><img decoding=\"async\" width=\"150\" height=\"150\" class=\"skip-lazy fg-image\" data-src-fg=\"https:\/\/emlekpont.hu\/wp-content\/uploads\/cache\/2020\/02\/2019_0225_Martinko_03\/2098630785.jpg\" src=\"data:image\/svg+xml,%3Csvg%20xmlns%3D%22http%3A%2F%2Fwww.w3.org%2F2000%2Fsvg%22%20width%3D%22150%22%20height%3D%22150%22%20viewBox%3D%220%200%20150%20150%22%3E%3C%2Fsvg%3E\" loading=\"eager\"><\/span><span class=\"fg-image-overlay\"><\/span><\/a><figcaption class=\"fg-caption\"><div class=\"fg-caption-inner\"><\/div><\/figcaption><\/figure><div class=\"fg-loader\"><\/div><\/div><div class=\"fg-item fg-type-image fg-idle\"><figure class=\"fg-item-inner\"><a href=\"https:\/\/emlekpont.hu\/wp-content\/uploads\/2020\/02\/2019_0225_Martinko_01.jpg\" data-attachment-id=\"2492\" data-type=\"image\" class=\"fg-thumb\"><span class=\"fg-image-wrap\"><img decoding=\"async\" width=\"150\" height=\"150\" class=\"skip-lazy fg-image\" data-src-fg=\"https:\/\/emlekpont.hu\/wp-content\/uploads\/cache\/2020\/02\/2019_0225_Martinko_01\/2274459548.jpg\" src=\"data:image\/svg+xml,%3Csvg%20xmlns%3D%22http%3A%2F%2Fwww.w3.org%2F2000%2Fsvg%22%20width%3D%22150%22%20height%3D%22150%22%20viewBox%3D%220%200%20150%20150%22%3E%3C%2Fsvg%3E\" loading=\"eager\"><\/span><span class=\"fg-image-overlay\"><\/span><\/a><figcaption class=\"fg-caption\"><div class=\"fg-caption-inner\"><\/div><\/figcaption><\/figure><div class=\"fg-loader\"><\/div><\/div><div class=\"fg-item fg-type-image fg-idle\"><figure class=\"fg-item-inner\"><a href=\"https:\/\/emlekpont.hu\/wp-content\/uploads\/2020\/02\/2019_0225_Martinko_02.jpg\" data-attachment-id=\"2493\" data-type=\"image\" class=\"fg-thumb\"><span class=\"fg-image-wrap\"><img decoding=\"async\" width=\"150\" height=\"150\" class=\"skip-lazy fg-image\" data-src-fg=\"https:\/\/emlekpont.hu\/wp-content\/uploads\/cache\/2020\/02\/2019_0225_Martinko_02\/3618579040.jpg\" src=\"data:image\/svg+xml,%3Csvg%20xmlns%3D%22http%3A%2F%2Fwww.w3.org%2F2000%2Fsvg%22%20width%3D%22150%22%20height%3D%22150%22%20viewBox%3D%220%200%20150%20150%22%3E%3C%2Fsvg%3E\" loading=\"eager\"><\/span><span class=\"fg-image-overlay\"><\/span><\/a><figcaption class=\"fg-caption\"><div class=\"fg-caption-inner\"><\/div><\/figcaption><\/figure><div class=\"fg-loader\"><\/div><\/div><div class=\"fg-item fg-type-image fg-idle\"><figure class=\"fg-item-inner\"><a href=\"https:\/\/emlekpont.hu\/wp-content\/uploads\/2020\/02\/2019_0225_Martinko_04.jpg\" data-attachment-id=\"2494\" data-type=\"image\" class=\"fg-thumb\"><span class=\"fg-image-wrap\"><img decoding=\"async\" width=\"150\" height=\"150\" class=\"skip-lazy fg-image\" data-src-fg=\"https:\/\/emlekpont.hu\/wp-content\/uploads\/cache\/2020\/02\/2019_0225_Martinko_04\/1699063673.jpg\" src=\"data:image\/svg+xml,%3Csvg%20xmlns%3D%22http%3A%2F%2Fwww.w3.org%2F2000%2Fsvg%22%20width%3D%22150%22%20height%3D%22150%22%20viewBox%3D%220%200%20150%20150%22%3E%3C%2Fsvg%3E\" loading=\"eager\"><\/span><span class=\"fg-image-overlay\"><\/span><\/a><figcaption class=\"fg-caption\"><div class=\"fg-caption-inner\"><\/div><\/figcaption><\/figure><div class=\"fg-loader\"><\/div><\/div><div class=\"fg-item fg-type-image fg-idle\"><figure class=\"fg-item-inner\"><a href=\"https:\/\/emlekpont.hu\/wp-content\/uploads\/2020\/02\/2019_0225_Martinko_05.jpg\" data-attachment-id=\"2495\" data-type=\"image\" class=\"fg-thumb\"><span class=\"fg-image-wrap\"><img decoding=\"async\" width=\"150\" height=\"150\" class=\"skip-lazy fg-image\" data-src-fg=\"https:\/\/emlekpont.hu\/wp-content\/uploads\/cache\/2020\/02\/2019_0225_Martinko_05\/2002714104.jpg\" src=\"data:image\/svg+xml,%3Csvg%20xmlns%3D%22http%3A%2F%2Fwww.w3.org%2F2000%2Fsvg%22%20width%3D%22150%22%20height%3D%22150%22%20viewBox%3D%220%200%20150%20150%22%3E%3C%2Fsvg%3E\" loading=\"eager\"><\/span><span class=\"fg-image-overlay\"><\/span><\/a><figcaption class=\"fg-caption\"><div class=\"fg-caption-inner\"><\/div><\/figcaption><\/figure><div class=\"fg-loader\"><\/div><\/div><div class=\"fg-item fg-type-image fg-idle\"><figure class=\"fg-item-inner\"><a href=\"https:\/\/emlekpont.hu\/wp-content\/uploads\/2020\/02\/2019_0225_Martinko_07.jpg\" data-attachment-id=\"2496\" data-type=\"image\" class=\"fg-thumb\"><span class=\"fg-image-wrap\"><img decoding=\"async\" width=\"150\" height=\"150\" class=\"skip-lazy fg-image\" data-src-fg=\"https:\/\/emlekpont.hu\/wp-content\/uploads\/cache\/2020\/02\/2019_0225_Martinko_07\/2379813605.jpg\" src=\"data:image\/svg+xml,%3Csvg%20xmlns%3D%22http%3A%2F%2Fwww.w3.org%2F2000%2Fsvg%22%20width%3D%22150%22%20height%3D%22150%22%20viewBox%3D%220%200%20150%20150%22%3E%3C%2Fsvg%3E\" loading=\"eager\"><\/span><span class=\"fg-image-overlay\"><\/span><\/a><figcaption class=\"fg-caption\"><div class=\"fg-caption-inner\"><\/div><\/figcaption><\/figure><div class=\"fg-loader\"><\/div><\/div><div class=\"fg-item fg-type-image fg-idle\"><figure class=\"fg-item-inner\"><a href=\"https:\/\/emlekpont.hu\/wp-content\/uploads\/2020\/02\/2019_0225_Martinko_06.jpg\" data-attachment-id=\"2497\" data-type=\"image\" class=\"fg-thumb\"><span class=\"fg-image-wrap\"><img decoding=\"async\" width=\"150\" height=\"150\" class=\"skip-lazy fg-image\" data-src-fg=\"https:\/\/emlekpont.hu\/wp-content\/uploads\/cache\/2020\/02\/2019_0225_Martinko_06\/2680309860.jpg\" src=\"data:image\/svg+xml,%3Csvg%20xmlns%3D%22http%3A%2F%2Fwww.w3.org%2F2000%2Fsvg%22%20width%3D%22150%22%20height%3D%22150%22%20viewBox%3D%220%200%20150%20150%22%3E%3C%2Fsvg%3E\" loading=\"eager\"><\/span><span class=\"fg-image-overlay\"><\/span><\/a><figcaption class=\"fg-caption\"><div class=\"fg-caption-inner\"><\/div><\/figcaption><\/figure><div class=\"fg-loader\"><\/div><\/div><\/div>\r\n\n","protected":false},"excerpt":{"rendered":"<p>Tankok, vir\u00e1gok, t\u00f6rt\u00e9netek A f\u0151v\u00e1rosba tart\u00f3 szovjet harckocsioszlopot meg\u00e1ll\u00edt\u00f3 kisl\u00e1ny \u00e9s a j\u00e1szber\u00e9nyi templom h\u00edveire kiadott t\u0171zparancsot megtagad\u00f3 szovjet katonatiszt t\u00f6rt\u00e9nete is elhangzott Martink\u00f3 K\u00e1roly \u00fajs\u00e1g\u00edr\u00f3, nyugalmazott rend\u0151r alezredes Hittel, sz\u00edvvel \u00e9s fegyverrel c\u00edmmel a kommunizmus \u00e1ldozatainak eml\u00e9knapj\u00e1n az Eml\u00e9kpontban megtartott rendhagy\u00f3 t\u00f6rt\u00e9nelem\u00f3r\u00e1j\u00e1n. Az el\u0151ad\u00e1son, amelyen a Sz\u0151nyi Benj\u00e1min Reform\u00e1tus \u00c1ltal\u00e1nos Iskola nyolcadikosai \u00e9s a [&hellip;]<\/p>\n","protected":false},"author":5,"featured_media":2493,"comment_status":"closed","ping_status":"closed","sticky":false,"template":"","format":"standard","meta":{"footnotes":""},"categories":[12,8],"tags":[],"_links":{"self":[{"href":"https:\/\/emlekpont.hu\/index.php?rest_route=\/wp\/v2\/posts\/2498"}],"collection":[{"href":"https:\/\/emlekpont.hu\/index.php?rest_route=\/wp\/v2\/posts"}],"about":[{"href":"https:\/\/emlekpont.hu\/index.php?rest_route=\/wp\/v2\/types\/post"}],"author":[{"embeddable":true,"href":"https:\/\/emlekpont.hu\/index.php?rest_route=\/wp\/v2\/users\/5"}],"replies":[{"embeddable":true,"href":"https:\/\/emlekpont.hu\/index.php?rest_route=%2Fwp%2Fv2%2Fcomments&post=2498"}],"version-history":[{"count":1,"href":"https:\/\/emlekpont.hu\/index.php?rest_route=\/wp\/v2\/posts\/2498\/revisions"}],"predecessor-version":[{"id":2499,"href":"https:\/\/emlekpont.hu\/index.php?rest_route=\/wp\/v2\/posts\/2498\/revisions\/2499"}],"wp:featuredmedia":[{"embeddable":true,"href":"https:\/\/emlekpont.hu\/index.php?rest_route=\/wp\/v2\/media\/2493"}],"wp:attachment":[{"href":"https:\/\/emlekpont.hu\/index.php?rest_route=%2Fwp%2Fv2%2Fmedia&parent=2498"}],"wp:term":[{"taxonomy":"category","embeddable":true,"href":"https:\/\/emlekpont.hu\/index.php?rest_route=%2Fwp%2Fv2%2Fcategories&post=2498"},{"taxonomy":"post_tag","embeddable":true,"href":"https:\/\/emlekpont.hu\/index.php?rest_route=%2Fwp%2Fv2%2Ftags&post=2498"}],"curies":[{"name":"wp","href":"https:\/\/api.w.org\/{rel}","templated":true}]}}