{"id":2386,"date":"2019-04-09T10:24:00","date_gmt":"2019-04-09T10:24:00","guid":{"rendered":"http:\/\/emlekpont.hu\/?p=2386"},"modified":"2020-02-06T11:30:23","modified_gmt":"2020-02-06T11:30:23","slug":"kethly-anna-kozeleti-tevekenyseget-mutatta-be-az-emlekpont","status":"publish","type":"post","link":"https:\/\/emlekpont.hu\/?p=2386","title":{"rendered":"K\u00e9thly Anna k\u00f6z\u00e9leti tev\u00e9kenys\u00e9g\u00e9t mutatta be az Eml\u00e9kpont"},"content":{"rendered":"\n<p><strong>Egy igazi szoci\u00e1ldemokrata<\/strong><\/p>\n\n\n\n<p>A sz\u00e1zharminc \u00e9ve sz\u00fcletett K\u00e9thly Ann\u00e1r\u00f3l, a magyar parlament m\u00e1sodik magyar k\u00e9pvisel\u0151n\u0151j\u00e9r\u0151l tartott el\u0151ad\u00e1st kedden az Eml\u00e9kpont N\u0151i sorsok a szocializmusban c\u00edm\u0171 sorozat\u00e1ban Nagy Gy\u00f6ngyi, a k\u00f6zgy\u0171jtem\u00e9ny t\u00f6rt\u00e9n\u00e9sze. A kommunista diktat\u00far\u00e1t mindig hat\u00e1rozottan ellenz\u0151 szoci\u00e1ldemokrata K\u00e9thly Anna 1922-t\u0151l 1948-ig volt k\u00e9pvisel\u0151, s elmondhat\u00f3 r\u00f3la, hogy igazi demokrata volt, hiszen az \u00e1ltala elmondottak \u00e9s tettei mindig \u00f6sszhangban \u00e1lltak. <\/p>\n\n\n\n<p>K\u00e9thly Kass\u00e1n l\u00e9pett be a Mag\u00e1ntisztvisel\u0151k\nSzakszervezet\u00e9be, s politikai p\u00e1lyafut\u00e1sa a f\u0151v\u00e1rosban folytat\u00f3dott, ahol\n1917-ben a Magyarorsz\u00e1gi Szoci\u00e1ldemokrata P\u00e1rt tagja lett. A parlamentbe az\n1922-es v\u00e1laszt\u00e1sokon jutott be, s a f\u0151v\u00e1rosi els\u0151 ker\u00fcleti mand\u00e1tum\u00e1t t\u00f6lthette\nbe K\u00e9thly Anna. Ezt k\u00f6vet\u0151en t\u00f6bb alkalommal is eredm\u00e9nyesen szerepelt a\nv\u00e1laszt\u00e1sokon, 1931-ben Szeged k\u00e9pvisel\u0151jek\u00e9nt jutott a t\u00f6rv\u00e9nyhoz\u00e1sba.<\/p>\n\n\n\n<p>Munk\u00e1ja sor\u00e1n t\u00e1mogatta a n\u0151k fels\u0151fok\u00fa oktat\u00e1s\u00e1t, valamint felsz\u00f3lalt\na csal\u00e1don bel\u00fcli er\u0151szak \u00e9s a zsid\u00f3t\u00f6rv\u00e9nyek ellen, de elutas\u00edtotta a komm\u00fcnt\nis: v\u00e9lem\u00e9nye szerint a bolsevizmus idegen a magyars\u00e1gt\u00f3l. A m\u00e1sodik\nvil\u00e1gh\u00e1bor\u00fa idej\u00e9n a n\u00e9metek elleni \u00f6sszefog\u00e1sra buzd\u00edtott, ami miatt a nyilas\nuralom \u00e9s Budapest ostroma idej\u00e9n a Gestapo el\u0151l bujdosnia kellett.<\/p>\n\n\n\n<p>Frakci\u00f3vezet\u0151i \u00e9s aleln\u00f6ki megb\u00edzat\u00e1st is bet\u00f6lt\u00f6tt az\n1945-ben \u00fajj\u00e1alakul\u00f3 t\u00f6rv\u00e9nyhoz\u00e1sban, s mivel ellenz\u0151je volt a szoci\u00e1ldemokrata\n\u00e9s a kommunista p\u00e1rt egyes\u00fcl\u00e9s\u00e9nek, a kommunist\u00e1k hatalomra jut\u00e1s\u00e1nak el\u0151k\u00e9sz\u00edt\u00e9sek\u00e9nt,\n1948 febru\u00e1rj\u00e1ban egy Maros\u00e1n Gy\u00f6rgy vezette \u00fcl\u00e9sen puccsszer\u0171en megfosztott\u00e1k\ntiszts\u00e9geit\u0151l. K\u00e9thly Anna ezt k\u00f6vet\u0151en k\u00e9pvisel\u0151i mand\u00e1tum\u00e1t is visszaadta.<\/p>\n\n\n\n<p>Az 1950-es letart\u00f3ztat\u00e1s\u00e1t k\u00f6vet\u0151en a n\u00e9pk\u00f6zt\u00e1rsas\u00e1g\nmegd\u00f6nt\u00e9s\u00e9re t\u00f6rt\u00e9n\u0151 szervezked\u00e9ssel \u00e9s k\u00e9mked\u00e9ssel v\u00e1dolt\u00e1k meg, s a\nkoncepci\u00f3s per 1954-es \u00edt\u00e9lethozatalkor \u00e9letfogytig tart\u00f3 b\u00f6rt\u00f6nb\u00fcntet\u00e9sre\n\u00edt\u00e9lt\u00e9k, teljes vagyonelkobz\u00e1ssal, \u00e1m ugyanebben az \u00e9vben kegyelemben\nr\u00e9szes\u00fclt.<\/p>\n\n\n\n<p>Az 1956-os forradalom idej\u00e9n, november 4-\u00e9n Nagy Imre\nkorm\u00e1nya k\u00e9pviselet\u00e9ben B\u00e9csbe utazott, hogy a val\u00f3s helyzetet ismertesse a\nnemzetk\u00f6zi k\u00f6zv\u00e9lem\u00e9nnyel, azonban a szovjet megsz\u00e1ll\u00e1st k\u00f6vet\u0151en m\u00e1r nem\nengedt\u00e9k vissza Magyarorsz\u00e1gra. New Yorkba utazott, hogy az ENSZ k\u00f6zgy\u0171l\u00e9se\nel\u0151tt sz\u00f3lhasson, de erre nem kapott lehet\u0151s\u00e9get. Sz\u00e1mos f\u00f3rumon sz\u00f3lt a magyar\nforradalom igazi arc\u00e1r\u00f3l, amerikai \u00e9s br\u00fcsszeli emigr\u00e1ns szervezetek munk\u00e1j\u00e1ban\nis r\u00e9szt vett.<\/p>\n\n\n\n<p>A K\u00e1d\u00e1r-korm\u00e1ny idej\u00e9n 1962-ben Magyarorsz\u00e1g elleni izgat\u00e1s\nmiatt \u00f6t \u00e9vre \u00edt\u00e9lt\u00e9k, azonban az \u00f6tvenes \u00e9vek idej\u00e9n let\u00f6lt\u00f6tt b\u00fcntet\u00e9s\u00e9t\nbesz\u00e1m\u00edtott\u00e1k, s nem kellett b\u00f6rt\u00f6nbe vonulnia. B\u00e1r t\u00f6bbsz\u00f6r is h\u00edvt\u00e1k\nMagyarorsz\u00e1gra, hazat\u00e9r\u00e9s\u00e9nek felt\u00e9tel\u00fcl Nagy Imre \u00e9s t\u00e1rsainak rehabilit\u00e1l\u00e1s\u00e1t\nszabta K\u00e9thly Anna, amelyre 1976-ban Belgiumban bek\u00f6vetkezett hal\u00e1l\u00e1ig nem\nker\u00fclt sor.<\/p>\n\n\n\n<style type=\"text\/css\">\r\n\t#foogallery-gallery-2378 .fg-image {\r\n        width: 150px;\r\n    }\r\n<\/style>\r\n\t\t\t\t<div class=\"foogallery foogallery-container foogallery-default foogallery-lightbox-foobox fg-gutter-10 fg-center fg-default fg-light fg-border-thin fg-shadow-outline fg-loading-default fg-loaded-fade-in fg-caption-hover fg-hover-fade fg-hover-zoom fg-ready\" id=\"foogallery-gallery-2378\" data-foogallery=\"{&quot;item&quot;:{&quot;showCaptionTitle&quot;:true,&quot;showCaptionDescription&quot;:true},&quot;lazy&quot;:true}\" >\r\n\t<div class=\"fg-item fg-type-image fg-idle\"><figure class=\"fg-item-inner\"><a href=\"https:\/\/emlekpont.hu\/wp-content\/uploads\/2020\/02\/2019_0312_NSSZ_03-K\u00e9thly-scaled.jpg\" data-attachment-id=\"2379\" data-type=\"image\" class=\"fg-thumb\"><span class=\"fg-image-wrap\"><img decoding=\"async\" width=\"150\" height=\"150\" class=\"skip-lazy fg-image\" data-src-fg=\"https:\/\/emlekpont.hu\/wp-content\/uploads\/cache\/2020\/02\/2019_0312_NSSZ_03-K\u00e9thly-scaled\/1435317699.jpg\" src=\"data:image\/svg+xml,%3Csvg%20xmlns%3D%22http%3A%2F%2Fwww.w3.org%2F2000%2Fsvg%22%20width%3D%22150%22%20height%3D%22150%22%20viewBox%3D%220%200%20150%20150%22%3E%3C%2Fsvg%3E\" loading=\"eager\"><\/span><span class=\"fg-image-overlay\"><\/span><\/a><figcaption class=\"fg-caption\"><div class=\"fg-caption-inner\"><\/div><\/figcaption><\/figure><div class=\"fg-loader\"><\/div><\/div><div class=\"fg-item fg-type-image fg-idle\"><figure class=\"fg-item-inner\"><a href=\"https:\/\/emlekpont.hu\/wp-content\/uploads\/2020\/02\/2019_0409_Keth_01.jpg\" data-attachment-id=\"2380\" data-type=\"image\" class=\"fg-thumb\"><span class=\"fg-image-wrap\"><img decoding=\"async\" width=\"150\" height=\"150\" class=\"skip-lazy fg-image\" data-src-fg=\"https:\/\/emlekpont.hu\/wp-content\/uploads\/cache\/2020\/02\/2019_0409_Keth_01\/1019609975.jpg\" src=\"data:image\/svg+xml,%3Csvg%20xmlns%3D%22http%3A%2F%2Fwww.w3.org%2F2000%2Fsvg%22%20width%3D%22150%22%20height%3D%22150%22%20viewBox%3D%220%200%20150%20150%22%3E%3C%2Fsvg%3E\" loading=\"eager\"><\/span><span class=\"fg-image-overlay\"><\/span><\/a><figcaption class=\"fg-caption\"><div class=\"fg-caption-inner\"><\/div><\/figcaption><\/figure><div class=\"fg-loader\"><\/div><\/div><div class=\"fg-item fg-type-image fg-idle\"><figure class=\"fg-item-inner\"><a href=\"https:\/\/emlekpont.hu\/wp-content\/uploads\/2020\/02\/2019_0409_Keth_02.jpg\" data-attachment-id=\"2381\" data-type=\"image\" class=\"fg-thumb\"><span class=\"fg-image-wrap\"><img decoding=\"async\" width=\"150\" height=\"150\" class=\"skip-lazy fg-image\" data-src-fg=\"https:\/\/emlekpont.hu\/wp-content\/uploads\/cache\/2020\/02\/2019_0409_Keth_02\/3897734345.jpg\" src=\"data:image\/svg+xml,%3Csvg%20xmlns%3D%22http%3A%2F%2Fwww.w3.org%2F2000%2Fsvg%22%20width%3D%22150%22%20height%3D%22150%22%20viewBox%3D%220%200%20150%20150%22%3E%3C%2Fsvg%3E\" loading=\"eager\"><\/span><span class=\"fg-image-overlay\"><\/span><\/a><figcaption class=\"fg-caption\"><div class=\"fg-caption-inner\"><\/div><\/figcaption><\/figure><div class=\"fg-loader\"><\/div><\/div><div class=\"fg-item fg-type-image fg-idle\"><figure class=\"fg-item-inner\"><a href=\"https:\/\/emlekpont.hu\/wp-content\/uploads\/2020\/02\/2019_0409_Keth_03.jpg\" data-attachment-id=\"2382\" data-type=\"image\" class=\"fg-thumb\"><span class=\"fg-image-wrap\"><img decoding=\"async\" width=\"150\" height=\"150\" class=\"skip-lazy fg-image\" data-src-fg=\"https:\/\/emlekpont.hu\/wp-content\/uploads\/cache\/2020\/02\/2019_0409_Keth_03\/3402917040.jpg\" src=\"data:image\/svg+xml,%3Csvg%20xmlns%3D%22http%3A%2F%2Fwww.w3.org%2F2000%2Fsvg%22%20width%3D%22150%22%20height%3D%22150%22%20viewBox%3D%220%200%20150%20150%22%3E%3C%2Fsvg%3E\" loading=\"eager\"><\/span><span class=\"fg-image-overlay\"><\/span><\/a><figcaption class=\"fg-caption\"><div class=\"fg-caption-inner\"><\/div><\/figcaption><\/figure><div class=\"fg-loader\"><\/div><\/div><div class=\"fg-item fg-type-image fg-idle\"><figure class=\"fg-item-inner\"><a href=\"https:\/\/emlekpont.hu\/wp-content\/uploads\/2020\/02\/2019_0409_Keth_04.jpg\" data-attachment-id=\"2383\" data-type=\"image\" class=\"fg-thumb\"><span class=\"fg-image-wrap\"><img decoding=\"async\" width=\"150\" height=\"150\" class=\"skip-lazy fg-image\" data-src-fg=\"https:\/\/emlekpont.hu\/wp-content\/uploads\/cache\/2020\/02\/2019_0409_Keth_04\/2584403444.jpg\" src=\"data:image\/svg+xml,%3Csvg%20xmlns%3D%22http%3A%2F%2Fwww.w3.org%2F2000%2Fsvg%22%20width%3D%22150%22%20height%3D%22150%22%20viewBox%3D%220%200%20150%20150%22%3E%3C%2Fsvg%3E\" loading=\"eager\"><\/span><span class=\"fg-image-overlay\"><\/span><\/a><figcaption class=\"fg-caption\"><div class=\"fg-caption-inner\"><\/div><\/figcaption><\/figure><div class=\"fg-loader\"><\/div><\/div><div class=\"fg-item fg-type-image fg-idle\"><figure class=\"fg-item-inner\"><a href=\"https:\/\/emlekpont.hu\/wp-content\/uploads\/2020\/02\/2019_0409_Keth_05.jpg\" data-attachment-id=\"2384\" data-type=\"image\" class=\"fg-thumb\"><span class=\"fg-image-wrap\"><img decoding=\"async\" width=\"150\" height=\"150\" class=\"skip-lazy fg-image\" data-src-fg=\"https:\/\/emlekpont.hu\/wp-content\/uploads\/cache\/2020\/02\/2019_0409_Keth_05\/194235064.jpg\" src=\"data:image\/svg+xml,%3Csvg%20xmlns%3D%22http%3A%2F%2Fwww.w3.org%2F2000%2Fsvg%22%20width%3D%22150%22%20height%3D%22150%22%20viewBox%3D%220%200%20150%20150%22%3E%3C%2Fsvg%3E\" loading=\"eager\"><\/span><span class=\"fg-image-overlay\"><\/span><\/a><figcaption class=\"fg-caption\"><div class=\"fg-caption-inner\"><\/div><\/figcaption><\/figure><div class=\"fg-loader\"><\/div><\/div><div class=\"fg-item fg-type-image fg-idle\"><figure class=\"fg-item-inner\"><a href=\"https:\/\/emlekpont.hu\/wp-content\/uploads\/2020\/02\/2019_0409_Keth_06.jpg\" data-attachment-id=\"2385\" data-type=\"image\" class=\"fg-thumb\"><span class=\"fg-image-wrap\"><img decoding=\"async\" width=\"150\" height=\"150\" class=\"skip-lazy fg-image\" data-src-fg=\"https:\/\/emlekpont.hu\/wp-content\/uploads\/cache\/2020\/02\/2019_0409_Keth_06\/3741809926.jpg\" src=\"data:image\/svg+xml,%3Csvg%20xmlns%3D%22http%3A%2F%2Fwww.w3.org%2F2000%2Fsvg%22%20width%3D%22150%22%20height%3D%22150%22%20viewBox%3D%220%200%20150%20150%22%3E%3C%2Fsvg%3E\" loading=\"eager\"><\/span><span class=\"fg-image-overlay\"><\/span><\/a><figcaption class=\"fg-caption\"><div class=\"fg-caption-inner\"><\/div><\/figcaption><\/figure><div class=\"fg-loader\"><\/div><\/div><\/div>\r\n\n","protected":false},"excerpt":{"rendered":"<p>Egy igazi szoci\u00e1ldemokrata A sz\u00e1zharminc \u00e9ve sz\u00fcletett K\u00e9thly Ann\u00e1r\u00f3l, a magyar parlament m\u00e1sodik magyar k\u00e9pvisel\u0151n\u0151j\u00e9r\u0151l tartott el\u0151ad\u00e1st kedden az Eml\u00e9kpont N\u0151i sorsok a szocializmusban c\u00edm\u0171 sorozat\u00e1ban Nagy Gy\u00f6ngyi, a k\u00f6zgy\u0171jtem\u00e9ny t\u00f6rt\u00e9n\u00e9sze. A kommunista diktat\u00far\u00e1t mindig hat\u00e1rozottan ellenz\u0151 szoci\u00e1ldemokrata K\u00e9thly Anna 1922-t\u0151l 1948-ig volt k\u00e9pvisel\u0151, s elmondhat\u00f3 r\u00f3la, hogy igazi demokrata volt, hiszen az \u00e1ltala elmondottak [&hellip;]<\/p>\n","protected":false},"author":5,"featured_media":2383,"comment_status":"closed","ping_status":"closed","sticky":false,"template":"","format":"standard","meta":{"footnotes":""},"categories":[12,8],"tags":[],"_links":{"self":[{"href":"https:\/\/emlekpont.hu\/index.php?rest_route=\/wp\/v2\/posts\/2386"}],"collection":[{"href":"https:\/\/emlekpont.hu\/index.php?rest_route=\/wp\/v2\/posts"}],"about":[{"href":"https:\/\/emlekpont.hu\/index.php?rest_route=\/wp\/v2\/types\/post"}],"author":[{"embeddable":true,"href":"https:\/\/emlekpont.hu\/index.php?rest_route=\/wp\/v2\/users\/5"}],"replies":[{"embeddable":true,"href":"https:\/\/emlekpont.hu\/index.php?rest_route=%2Fwp%2Fv2%2Fcomments&post=2386"}],"version-history":[{"count":1,"href":"https:\/\/emlekpont.hu\/index.php?rest_route=\/wp\/v2\/posts\/2386\/revisions"}],"predecessor-version":[{"id":2387,"href":"https:\/\/emlekpont.hu\/index.php?rest_route=\/wp\/v2\/posts\/2386\/revisions\/2387"}],"wp:featuredmedia":[{"embeddable":true,"href":"https:\/\/emlekpont.hu\/index.php?rest_route=\/wp\/v2\/media\/2383"}],"wp:attachment":[{"href":"https:\/\/emlekpont.hu\/index.php?rest_route=%2Fwp%2Fv2%2Fmedia&parent=2386"}],"wp:term":[{"taxonomy":"category","embeddable":true,"href":"https:\/\/emlekpont.hu\/index.php?rest_route=%2Fwp%2Fv2%2Fcategories&post=2386"},{"taxonomy":"post_tag","embeddable":true,"href":"https:\/\/emlekpont.hu\/index.php?rest_route=%2Fwp%2Fv2%2Ftags&post=2386"}],"curies":[{"name":"wp","href":"https:\/\/api.w.org\/{rel}","templated":true}]}}