{"id":2302,"date":"2019-04-06T09:19:00","date_gmt":"2019-04-06T09:19:00","guid":{"rendered":"http:\/\/emlekpont.hu\/?p=2302"},"modified":"2020-02-06T09:35:06","modified_gmt":"2020-02-06T09:35:06","slug":"uj-monografia-mutatja-be-mako-1956-os-tortenelmet","status":"publish","type":"post","link":"https:\/\/emlekpont.hu\/?p=2302","title":{"rendered":"\u00daj monogr\u00e1fia mutatja be Mak\u00f3 1956-os t\u00f6rt\u00e9nelm\u00e9t"},"content":{"rendered":"\n<p><strong>Megvil\u00e1gosod\u00e1s\n\u00e9s k\u00f6p\u00f6nyegforgat\u00e1s a forradalomban<\/strong><\/p>\n\n\n\n<p><strong>Marosv\u00e1ri Attila t\u00f6rt\u00e9n\u00e9sz, az Eml\u00e9kpont munkat\u00e1rsa Az <em>1956-os forradalom Mak\u00f3n<\/em> c\u00edm\u0171 k\u00f6tet\u00e9t a Magyar Nemzeti Lev\u00e9lt\u00e1r Csongr\u00e1d Megyei Lev\u00e9lt\u00e1r Mak\u00f3i Lev\u00e9lt\u00e1r\u00e1ban ismerhett\u00e9k meg az \u00e9rdekl\u0151d\u0151k, a bemutat\u00f3n a szerz\u0151vel Mikl\u00f3s P\u00e9ter, a h\u00f3dmez\u0151v\u00e1s\u00e1rhelyi Tornyai J\u00e1nos M\u00fazeum igazgat\u00f3ja, az Eml\u00e9kpont int\u00e9zm\u00e9nyvezet\u0151je besz\u00e9lgetett<\/strong>.<\/p>\n\n\n\n<p>Marosv\u00e1ri Attila a\nbemutat\u00f3n elmondta: a D\u00e9l-alf\u00f6ldi \u00e9vsz\u00e1zadok sorozat 32. k\u00f6tetek\u00e9nt megjelent\nmonogr\u00e1fi\u00e1j\u00e1ban els\u0151sorban a forradalom idej\u00e9n a Mak\u00f3n l\u00e9trej\u00f6tt forradalmi\nszervezetek (nemzeti bizotts\u00e1gok, nemzet\u0151rs\u00e9g, munk\u00e1stan\u00e1csok, p\u00e1rtok \u00e9s a\nForradalmi Ifj\u00fas\u00e1gi Sz\u00f6vets\u00e9g) megalakul\u00e1s\u00e1t \u00e9s azok m\u0171k\u00f6d\u00e9s\u00e9t vette g\u00f3rcs\u0151 al\u00e1\na rendelkez\u00e9sre \u00e1ll\u00f3 lev\u00e9lt\u00e1ri forr\u00e1sok alapj\u00e1n. K\u00fcl\u00f6n foglalkozott a helyi rend\u0151rs\u00e9g\n\u2013 mint a v\u00e1rosban m\u0171k\u00f6d\u0151 egyetlen fegyveres test\u00fclet \u2013 vezet\u0151j\u00e9nek szerep\u00e9vel,\naki alapvet\u0151en f\u00e9kezni akarta a forradalom esem\u00e9nyeinek radikaliz\u00e1l\u00f3d\u00e1s\u00e1t,\nennek ellen\u00e9re ut\u00f3bb a megtorl\u00e1s \u00e1ldozata lett. Fontos szempontja a k\u00f6nyvnek az\nakkori \u00e1llamp\u00e1rt, az MDP helyi szervezetei hatalom\u00e1tment\u00e9si t\u00f6rekv\u00e9seinek f\u00f6lt\u00e1r\u00e1sa,\nilletve egy a forradalmi esem\u00e9nyekbe bekapcsol\u00f3d\u00f3 \u00e9s ut\u00f3bb perbe fogott helyi\ngazd\u00e1lkod\u00f3 p\u00e9ld\u00e1j\u00e1n kereszt\u00fcl a megtorl\u00e1s rendszer\u00e9nek bemutat\u00e1sa. <\/p>\n\n\n\n<p>A szerz\u0151 sz\u00f3lt arr\u00f3l is,\nhogy t\u00f6bb olyan kommunista volt a v\u00e1rosban, akik 1956-ban az esem\u00e9nyeket h\u00edr\u00fcl\nv\u00e9ve \u2013 mintegy megvil\u00e1gosodva \u2013 a forradalom mell\u00e9 \u00e1llt, \u00e1m mikor november 9-\u00e9n\na telep\u00fcl\u00e9sre bevonultak a szovjet csapatok, m\u00e9gis kommunista \u00e9nj\u00fck kerekedett\nfel\u00fcl. <\/p>\n\n\n\n<p>Az esem\u00e9nyek mak\u00f3i\nszerepl\u0151i k\u00f6z\u00fcl a bemutat\u00f3n a szerz\u0151 kiemelte a v\u00e1rosi nemzeti bizotts\u00e1g\nvezet\u0151it, a szoci\u00e1ldemokrata Zombori Lajos eln\u00f6k\u00f6t \u00e9s a szint\u00e9n\nszoci\u00e1ldemokrata aleln\u00f6k\u00f6t, Kiss Ern\u0151t, valamint a kisgazda Sz\u0151nyi Imr\u00e9t, akik\naz 1945 ut\u00e1ni koal\u00edci\u00f3s \u00e9vek meghat\u00e1roz\u00f3 szem\u00e9lyis\u00e9gei voltak, ugyanakkor\nr\u00e1mutatott, hogy rajtuk k\u00edv\u00fcl ak\u00e1r t\u00f6bb ezren is r\u00e9szt vehettek a forradalom\nmak\u00f3i esem\u00e9nyeiben, de k\u00f6z\u00fcl\u00fck csak kevesen v\u00e1llaltak \u00e9rdemi vezet\u0151 szerepet. A\nforradalmat k\u00f6vet\u0151 megtorl\u00e1s beb\u00f6rt\u00f6nz\u00f6tt, intern\u00e1lt, elbocs\u00e1tott vagy egy\u00e9b\nm\u00f3don s\u00fajtott \u00e1ldozatainak sz\u00e1ma \u00edgy is meghaladta a sz\u00e1z f\u0151t.<\/p>\n\n\n\n<p>A t\u00f6bb mint 400 oldalas\nk\u00f6tet bemutat\u00f3j\u00e1n Mikl\u00f3s P\u00e9ter eml\u00e9keztetett: a forradalom idej\u00e9n Mak\u00f3n is\nvoltak t\u00fcntet\u00e9sek, a szovjet felszabadul\u00e1si eml\u00e9km\u0171vet itt is led\u00f6nt\u00f6tt\u00e9k\nokt\u00f3ber 26-\u00e1n, s k\u00fcl\u00f6nb\u00f6z\u0151 t\u00e1rsadalmi csoportok a rend\u0151r\u00f6kt\u0151l az egykori p\u00e1rtok\nk\u00e9pvisel\u0151iig, a fiatalok, vagy a pedag\u00f3gusok fel\u00e9lesztett\u00e9k a p\u00e1rtok\ndemokratikus m\u0171k\u00f6d\u00e9s\u00e9t, s folytatt\u00e1k a koal\u00edci\u00f3s \u00e9vek hagyom\u00e1nyait \u00e9s nemzet\u0151rs\u00e9get\nis szerveztek. Az igazgat\u00f3 hozz\u00e1tette: a t\u00e9m\u00e1ban megjelent m\u0171vek k\u00f6z\u00fcl a\nlegt\u00f6bb a f\u0151v\u00e1rosi esem\u00e9nyeket dolgozza fel, \u00edgy \u00f6r\u00f6mteli, hogy Marosv\u00e1ri\nAttila kiv\u00e1l\u00f3 munk\u00e1j\u00e1nak k\u00f6sz\u00f6nhet\u0151en egy vid\u00e9ki v\u00e1ros ismerheti meg m\u00faltj\u00e1nak\negy fontos r\u00e9sz\u00e9t.<\/p>\n\n\n\n<style type=\"text\/css\">\r\n\t#foogallery-gallery-2289 .fg-image {\r\n        width: 150px;\r\n    }\r\n<\/style>\r\n\t\t\t\t<div class=\"foogallery foogallery-container foogallery-default foogallery-lightbox-foobox fg-gutter-10 fg-center fg-default fg-light fg-border-thin fg-shadow-outline fg-loading-default fg-loaded-fade-in fg-caption-hover fg-hover-fade fg-hover-zoom fg-ready\" id=\"foogallery-gallery-2289\" data-foogallery=\"{&quot;item&quot;:{&quot;showCaptionTitle&quot;:true,&quot;showCaptionDescription&quot;:true},&quot;lazy&quot;:true}\" >\r\n\t<div class=\"fg-item fg-type-image fg-idle\"><figure class=\"fg-item-inner\"><a href=\"https:\/\/emlekpont.hu\/wp-content\/uploads\/2020\/02\/Foto_00.jpg\" data-attachment-id=\"2290\" data-type=\"image\" class=\"fg-thumb\"><span class=\"fg-image-wrap\"><img decoding=\"async\" width=\"150\" height=\"150\" class=\"skip-lazy fg-image\" data-src-fg=\"https:\/\/emlekpont.hu\/wp-content\/uploads\/cache\/2020\/02\/Foto_00\/1061335239.jpg\" src=\"data:image\/svg+xml,%3Csvg%20xmlns%3D%22http%3A%2F%2Fwww.w3.org%2F2000%2Fsvg%22%20width%3D%22150%22%20height%3D%22150%22%20viewBox%3D%220%200%20150%20150%22%3E%3C%2Fsvg%3E\" loading=\"eager\"><\/span><span class=\"fg-image-overlay\"><\/span><\/a><figcaption class=\"fg-caption\"><div class=\"fg-caption-inner\"><\/div><\/figcaption><\/figure><div class=\"fg-loader\"><\/div><\/div><div class=\"fg-item fg-type-image fg-idle\"><figure class=\"fg-item-inner\"><a href=\"https:\/\/emlekpont.hu\/wp-content\/uploads\/2020\/02\/Foto_01.jpg\" data-attachment-id=\"2291\" data-type=\"image\" class=\"fg-thumb\"><span class=\"fg-image-wrap\"><img decoding=\"async\" width=\"150\" height=\"150\" class=\"skip-lazy fg-image\" data-src-fg=\"https:\/\/emlekpont.hu\/wp-content\/uploads\/cache\/2020\/02\/Foto_01\/3700872256.jpg\" src=\"data:image\/svg+xml,%3Csvg%20xmlns%3D%22http%3A%2F%2Fwww.w3.org%2F2000%2Fsvg%22%20width%3D%22150%22%20height%3D%22150%22%20viewBox%3D%220%200%20150%20150%22%3E%3C%2Fsvg%3E\" loading=\"eager\"><\/span><span class=\"fg-image-overlay\"><\/span><\/a><figcaption class=\"fg-caption\"><div class=\"fg-caption-inner\"><\/div><\/figcaption><\/figure><div class=\"fg-loader\"><\/div><\/div><div class=\"fg-item fg-type-image fg-idle\"><figure class=\"fg-item-inner\"><a href=\"https:\/\/emlekpont.hu\/wp-content\/uploads\/2020\/02\/Foto_02.jpg\" data-attachment-id=\"2292\" data-type=\"image\" class=\"fg-thumb\"><span class=\"fg-image-wrap\"><img decoding=\"async\" width=\"150\" height=\"150\" class=\"skip-lazy fg-image\" data-src-fg=\"https:\/\/emlekpont.hu\/wp-content\/uploads\/cache\/2020\/02\/Foto_02\/597393288.jpg\" src=\"data:image\/svg+xml,%3Csvg%20xmlns%3D%22http%3A%2F%2Fwww.w3.org%2F2000%2Fsvg%22%20width%3D%22150%22%20height%3D%22150%22%20viewBox%3D%220%200%20150%20150%22%3E%3C%2Fsvg%3E\" loading=\"eager\"><\/span><span class=\"fg-image-overlay\"><\/span><\/a><figcaption class=\"fg-caption\"><div class=\"fg-caption-inner\"><\/div><\/figcaption><\/figure><div class=\"fg-loader\"><\/div><\/div><div class=\"fg-item fg-type-image fg-idle\"><figure class=\"fg-item-inner\"><a href=\"https:\/\/emlekpont.hu\/wp-content\/uploads\/2020\/02\/Foto_03.jpg\" data-attachment-id=\"2293\" data-type=\"image\" class=\"fg-thumb\"><span class=\"fg-image-wrap\"><img decoding=\"async\" width=\"150\" height=\"150\" class=\"skip-lazy fg-image\" data-src-fg=\"https:\/\/emlekpont.hu\/wp-content\/uploads\/cache\/2020\/02\/Foto_03\/3226409743.jpg\" src=\"data:image\/svg+xml,%3Csvg%20xmlns%3D%22http%3A%2F%2Fwww.w3.org%2F2000%2Fsvg%22%20width%3D%22150%22%20height%3D%22150%22%20viewBox%3D%220%200%20150%20150%22%3E%3C%2Fsvg%3E\" loading=\"eager\"><\/span><span class=\"fg-image-overlay\"><\/span><\/a><figcaption class=\"fg-caption\"><div class=\"fg-caption-inner\"><\/div><\/figcaption><\/figure><div class=\"fg-loader\"><\/div><\/div><div class=\"fg-item fg-type-image fg-idle\"><figure class=\"fg-item-inner\"><a href=\"https:\/\/emlekpont.hu\/wp-content\/uploads\/2020\/02\/Foto_04.jpg\" data-attachment-id=\"2294\" data-type=\"image\" class=\"fg-thumb\"><span class=\"fg-image-wrap\"><img decoding=\"async\" width=\"150\" height=\"150\" class=\"skip-lazy fg-image\" data-src-fg=\"https:\/\/emlekpont.hu\/wp-content\/uploads\/cache\/2020\/02\/Foto_04\/116469337.jpg\" src=\"data:image\/svg+xml,%3Csvg%20xmlns%3D%22http%3A%2F%2Fwww.w3.org%2F2000%2Fsvg%22%20width%3D%22150%22%20height%3D%22150%22%20viewBox%3D%220%200%20150%20150%22%3E%3C%2Fsvg%3E\" loading=\"eager\"><\/span><span class=\"fg-image-overlay\"><\/span><\/a><figcaption class=\"fg-caption\"><div class=\"fg-caption-inner\"><\/div><\/figcaption><\/figure><div class=\"fg-loader\"><\/div><\/div><div class=\"fg-item fg-type-image fg-idle\"><figure class=\"fg-item-inner\"><a href=\"https:\/\/emlekpont.hu\/wp-content\/uploads\/2020\/02\/Foto_05.jpg\" data-attachment-id=\"2295\" data-type=\"image\" class=\"fg-thumb\"><span class=\"fg-image-wrap\"><img decoding=\"async\" width=\"150\" height=\"150\" class=\"skip-lazy fg-image\" data-src-fg=\"https:\/\/emlekpont.hu\/wp-content\/uploads\/cache\/2020\/02\/Foto_05\/3844426462.jpg\" src=\"data:image\/svg+xml,%3Csvg%20xmlns%3D%22http%3A%2F%2Fwww.w3.org%2F2000%2Fsvg%22%20width%3D%22150%22%20height%3D%22150%22%20viewBox%3D%220%200%20150%20150%22%3E%3C%2Fsvg%3E\" loading=\"eager\"><\/span><span class=\"fg-image-overlay\"><\/span><\/a><figcaption class=\"fg-caption\"><div class=\"fg-caption-inner\"><\/div><\/figcaption><\/figure><div class=\"fg-loader\"><\/div><\/div><div class=\"fg-item fg-type-image fg-idle\"><figure class=\"fg-item-inner\"><a href=\"https:\/\/emlekpont.hu\/wp-content\/uploads\/2020\/02\/Foto_06.jpg\" data-attachment-id=\"2296\" data-type=\"image\" class=\"fg-thumb\"><span class=\"fg-image-wrap\"><img decoding=\"async\" width=\"150\" height=\"150\" class=\"skip-lazy fg-image\" data-src-fg=\"https:\/\/emlekpont.hu\/wp-content\/uploads\/cache\/2020\/02\/Foto_06\/438886678.jpg\" src=\"data:image\/svg+xml,%3Csvg%20xmlns%3D%22http%3A%2F%2Fwww.w3.org%2F2000%2Fsvg%22%20width%3D%22150%22%20height%3D%22150%22%20viewBox%3D%220%200%20150%20150%22%3E%3C%2Fsvg%3E\" loading=\"eager\"><\/span><span class=\"fg-image-overlay\"><\/span><\/a><figcaption class=\"fg-caption\"><div class=\"fg-caption-inner\"><\/div><\/figcaption><\/figure><div class=\"fg-loader\"><\/div><\/div><div class=\"fg-item fg-type-image fg-idle\"><figure class=\"fg-item-inner\"><a href=\"https:\/\/emlekpont.hu\/wp-content\/uploads\/2020\/02\/Foto_07.jpg\" data-attachment-id=\"2297\" data-type=\"image\" class=\"fg-thumb\"><span class=\"fg-image-wrap\"><img decoding=\"async\" width=\"150\" height=\"150\" class=\"skip-lazy fg-image\" data-src-fg=\"https:\/\/emlekpont.hu\/wp-content\/uploads\/cache\/2020\/02\/Foto_07\/4194076049.jpg\" src=\"data:image\/svg+xml,%3Csvg%20xmlns%3D%22http%3A%2F%2Fwww.w3.org%2F2000%2Fsvg%22%20width%3D%22150%22%20height%3D%22150%22%20viewBox%3D%220%200%20150%20150%22%3E%3C%2Fsvg%3E\" loading=\"eager\"><\/span><span class=\"fg-image-overlay\"><\/span><\/a><figcaption class=\"fg-caption\"><div class=\"fg-caption-inner\"><\/div><\/figcaption><\/figure><div class=\"fg-loader\"><\/div><\/div><div class=\"fg-item fg-type-image fg-idle\"><figure class=\"fg-item-inner\"><a href=\"https:\/\/emlekpont.hu\/wp-content\/uploads\/2020\/02\/Foto_08.jpg\" data-attachment-id=\"2298\" data-type=\"image\" class=\"fg-thumb\"><span class=\"fg-image-wrap\"><img decoding=\"async\" width=\"150\" height=\"150\" class=\"skip-lazy fg-image\" data-src-fg=\"https:\/\/emlekpont.hu\/wp-content\/uploads\/cache\/2020\/02\/Foto_08\/1277529595.jpg\" src=\"data:image\/svg+xml,%3Csvg%20xmlns%3D%22http%3A%2F%2Fwww.w3.org%2F2000%2Fsvg%22%20width%3D%22150%22%20height%3D%22150%22%20viewBox%3D%220%200%20150%20150%22%3E%3C%2Fsvg%3E\" loading=\"eager\"><\/span><span class=\"fg-image-overlay\"><\/span><\/a><figcaption class=\"fg-caption\"><div class=\"fg-caption-inner\"><\/div><\/figcaption><\/figure><div class=\"fg-loader\"><\/div><\/div><div class=\"fg-item fg-type-image fg-idle\"><figure class=\"fg-item-inner\"><a href=\"https:\/\/emlekpont.hu\/wp-content\/uploads\/2020\/02\/Foto_09.jpg\" data-attachment-id=\"2299\" data-type=\"image\" class=\"fg-thumb\"><span class=\"fg-image-wrap\"><img decoding=\"async\" width=\"150\" height=\"150\" class=\"skip-lazy fg-image\" data-src-fg=\"https:\/\/emlekpont.hu\/wp-content\/uploads\/cache\/2020\/02\/Foto_09\/2951866748.jpg\" src=\"data:image\/svg+xml,%3Csvg%20xmlns%3D%22http%3A%2F%2Fwww.w3.org%2F2000%2Fsvg%22%20width%3D%22150%22%20height%3D%22150%22%20viewBox%3D%220%200%20150%20150%22%3E%3C%2Fsvg%3E\" loading=\"eager\"><\/span><span class=\"fg-image-overlay\"><\/span><\/a><figcaption class=\"fg-caption\"><div class=\"fg-caption-inner\"><\/div><\/figcaption><\/figure><div class=\"fg-loader\"><\/div><\/div><div class=\"fg-item fg-type-image fg-idle\"><figure class=\"fg-item-inner\"><a href=\"https:\/\/emlekpont.hu\/wp-content\/uploads\/2020\/02\/Foto_10.jpg\" data-attachment-id=\"2300\" data-type=\"image\" class=\"fg-thumb\"><span class=\"fg-image-wrap\"><img decoding=\"async\" width=\"150\" height=\"150\" class=\"skip-lazy fg-image\" data-src-fg=\"https:\/\/emlekpont.hu\/wp-content\/uploads\/cache\/2020\/02\/Foto_10\/157739173.jpg\" src=\"data:image\/svg+xml,%3Csvg%20xmlns%3D%22http%3A%2F%2Fwww.w3.org%2F2000%2Fsvg%22%20width%3D%22150%22%20height%3D%22150%22%20viewBox%3D%220%200%20150%20150%22%3E%3C%2Fsvg%3E\" loading=\"eager\"><\/span><span class=\"fg-image-overlay\"><\/span><\/a><figcaption class=\"fg-caption\"><div class=\"fg-caption-inner\"><\/div><\/figcaption><\/figure><div class=\"fg-loader\"><\/div><\/div><div class=\"fg-item fg-type-image fg-idle\"><figure class=\"fg-item-inner\"><a href=\"https:\/\/emlekpont.hu\/wp-content\/uploads\/2020\/02\/Megh\u00edv\u00f3_Marosv\u00e1ri_Attila_MNL_CSML_ML_2019_04_25.jpg\" data-attachment-id=\"2301\" data-type=\"image\" class=\"fg-thumb\"><span class=\"fg-image-wrap\"><img decoding=\"async\" width=\"150\" height=\"150\" class=\"skip-lazy fg-image\" data-src-fg=\"https:\/\/emlekpont.hu\/wp-content\/uploads\/cache\/2020\/02\/Megh\u00edv\u00f3_Marosv\u00e1ri_Attila_MNL_CSML_ML_2019_04_25\/3164021622.jpg\" src=\"data:image\/svg+xml,%3Csvg%20xmlns%3D%22http%3A%2F%2Fwww.w3.org%2F2000%2Fsvg%22%20width%3D%22150%22%20height%3D%22150%22%20viewBox%3D%220%200%20150%20150%22%3E%3C%2Fsvg%3E\" loading=\"eager\"><\/span><span class=\"fg-image-overlay\"><\/span><\/a><figcaption class=\"fg-caption\"><div class=\"fg-caption-inner\"><\/div><\/figcaption><\/figure><div class=\"fg-loader\"><\/div><\/div><\/div>\r\n\n\n\n\n<figure class=\"wp-block-embed-youtube wp-block-embed is-type-video is-provider-youtube wp-embed-aspect-16-9 wp-has-aspect-ratio\"><div class=\"wp-block-embed__wrapper\">\n<iframe title=\"Marosv\u00e1ri Attila k\u00f6tet\u00e9nek bemutat\u00f3ja Mak\u00f3n\" width=\"1170\" height=\"658\" src=\"https:\/\/www.youtube.com\/embed\/niVt9L96lgo?feature=oembed\" frameborder=\"0\" allow=\"accelerometer; autoplay; encrypted-media; gyroscope; picture-in-picture\" allowfullscreen><\/iframe>\n<\/div><\/figure>\n","protected":false},"excerpt":{"rendered":"<p>Megvil\u00e1gosod\u00e1s \u00e9s k\u00f6p\u00f6nyegforgat\u00e1s a forradalomban Marosv\u00e1ri Attila t\u00f6rt\u00e9n\u00e9sz, az Eml\u00e9kpont munkat\u00e1rsa Az 1956-os forradalom Mak\u00f3n c\u00edm\u0171 k\u00f6tet\u00e9t a Magyar Nemzeti Lev\u00e9lt\u00e1r Csongr\u00e1d Megyei Lev\u00e9lt\u00e1r Mak\u00f3i Lev\u00e9lt\u00e1r\u00e1ban ismerhett\u00e9k meg az \u00e9rdekl\u0151d\u0151k, a bemutat\u00f3n a szerz\u0151vel Mikl\u00f3s P\u00e9ter, a h\u00f3dmez\u0151v\u00e1s\u00e1rhelyi Tornyai J\u00e1nos M\u00fazeum igazgat\u00f3ja, az Eml\u00e9kpont int\u00e9zm\u00e9nyvezet\u0151je besz\u00e9lgetett. Marosv\u00e1ri Attila a bemutat\u00f3n elmondta: a D\u00e9l-alf\u00f6ldi \u00e9vsz\u00e1zadok sorozat [&hellip;]<\/p>\n","protected":false},"author":5,"featured_media":2290,"comment_status":"closed","ping_status":"closed","sticky":false,"template":"","format":"standard","meta":{"footnotes":""},"categories":[12,8],"tags":[],"_links":{"self":[{"href":"https:\/\/emlekpont.hu\/index.php?rest_route=\/wp\/v2\/posts\/2302"}],"collection":[{"href":"https:\/\/emlekpont.hu\/index.php?rest_route=\/wp\/v2\/posts"}],"about":[{"href":"https:\/\/emlekpont.hu\/index.php?rest_route=\/wp\/v2\/types\/post"}],"author":[{"embeddable":true,"href":"https:\/\/emlekpont.hu\/index.php?rest_route=\/wp\/v2\/users\/5"}],"replies":[{"embeddable":true,"href":"https:\/\/emlekpont.hu\/index.php?rest_route=%2Fwp%2Fv2%2Fcomments&post=2302"}],"version-history":[{"count":2,"href":"https:\/\/emlekpont.hu\/index.php?rest_route=\/wp\/v2\/posts\/2302\/revisions"}],"predecessor-version":[{"id":2317,"href":"https:\/\/emlekpont.hu\/index.php?rest_route=\/wp\/v2\/posts\/2302\/revisions\/2317"}],"wp:featuredmedia":[{"embeddable":true,"href":"https:\/\/emlekpont.hu\/index.php?rest_route=\/wp\/v2\/media\/2290"}],"wp:attachment":[{"href":"https:\/\/emlekpont.hu\/index.php?rest_route=%2Fwp%2Fv2%2Fmedia&parent=2302"}],"wp:term":[{"taxonomy":"category","embeddable":true,"href":"https:\/\/emlekpont.hu\/index.php?rest_route=%2Fwp%2Fv2%2Fcategories&post=2302"},{"taxonomy":"post_tag","embeddable":true,"href":"https:\/\/emlekpont.hu\/index.php?rest_route=%2Fwp%2Fv2%2Ftags&post=2302"}],"curies":[{"name":"wp","href":"https:\/\/api.w.org\/{rel}","templated":true}]}}