{"id":2287,"date":"2019-04-25T09:15:00","date_gmt":"2019-04-25T09:15:00","guid":{"rendered":"http:\/\/emlekpont.hu\/?p=2287"},"modified":"2020-02-06T09:17:02","modified_gmt":"2020-02-06T09:17:02","slug":"dijaztak-a-tortenelemverseny-legjobbjait","status":"publish","type":"post","link":"https:\/\/emlekpont.hu\/?p=2287","title":{"rendered":"D\u00edjazt\u00e1k a t\u00f6rt\u00e9nelemverseny legjobbjait"},"content":{"rendered":"\n<p><strong>\u00c9vr\u0151l \u00e9vre egyre t\u00f6bb \u00e1ltal\u00e1nos iskol\u00e1s vesz r\u00e9szt az id\u00e9n tizenkilencedik alkalommal megrendezett v\u00e1rosi t\u00f6rt\u00e9nelemversenyen, amelynek cs\u00fct\u00f6rt\u00f6ki eredm\u00e9nyhirdet\u00e9s\u00e9n az \u00e9vfolyamonk\u00e9nt els\u0151 hat helyezett di\u00e1k jutalomk\u00f6nyvet vehetett \u00e1t az Eml\u00e9kpontban.<\/strong><\/p>\n\n\n\n<p>A\nh\u00f3dmez\u0151v\u00e1s\u00e1rhelyi Eml\u00e9kpont \u00e9s a Klauz\u00e1l G\u00e1bor \u00c1ltal\u00e1nos Iskola idei szakt\u00e1rgyi\nverseny\u00e9n k\u00f6zel sz\u00e1zh\u00fasz v\u00e1s\u00e1rhelyi, mindszenti \u00e9s sz\u00e9kkutasi fels\u0151 tagozatos\ndi\u00e1k m\u00e9rte \u00f6ssze t\u00f6rt\u00e9nelemtud\u00e1s\u00e1t az elm\u00falt h\u00e9ten a k\u00f6zgy\u0171jtem\u00e9nyben. A tanul\u00f3k\naz \u00e9vfolyamonk\u00e9nt \u00f6ssze\u00e1ll\u00edtott tesztlapot \u00f6n\u00e1ll\u00f3an, m\u00edg az Eml\u00e9kpont \u00e1lland\u00f3\nki\u00e1ll\u00edt\u00e1s\u00e1hoz kapcsol\u00f3d\u00f3 feladatlapot a termeket Nagy Gy\u00f6ngyi, az int\u00e9zm\u00e9ny\nt\u00f6rt\u00e9n\u00e9sz\u00e9nek vezet\u00e9s\u00e9vel v\u00e9gigj\u00e1rva t\u00f6lt\u00f6tt\u00e9k ki. <\/p>\n\n\n\n<p>\u2013\n\u00c9vr\u0151l \u00e9vre egyre t\u00f6bb iskol\u00e1s vesz r\u00e9szt az id\u00e9n tizenkilencedik alkalommal\nmegrendezett megm\u00e9rettet\u00e9sen \u2013 hangzott el a cs\u00fct\u00f6rt\u00f6ki eredm\u00e9nyhirdet\u00e9sen,\nahol az \u00e9vfolyamonk\u00e9nt els\u0151 hat helyezett di\u00e1k jutalomk\u00f6nyvet vehetett \u00e1t a\nKlauz\u00e1l G\u00e1bor \u00c1ltal\u00e1nos Iskola t\u00f6rt\u00e9nelemtan\u00e1rait\u00f3l, Papp Enik\u0151t\u0151l \u00e9s Baranyi\nImr\u00e9t\u0151l, akik megk\u00f6sz\u00f6nt\u00e9k a felk\u00e9sz\u00edt\u0151 pedag\u00f3gusok munk\u00e1j\u00e1t is. A versenyen az\nal\u00e1bbi eredm\u00e9nyek sz\u00fclettek:<\/p>\n\n\n\n<p><strong>5. \u00e9vfolyam<\/strong><\/p>\n\n\n\n<p><strong>1. Bera Hanna<\/strong> (Szent\nJ\u00f3zsef Kertv\u00e1rosi Katolikus \u00c1ltal\u00e1nos Iskola, felk\u00e9sz\u00edt\u0151: Kendin\u00e9 Kiss Ilona)<\/p>\n\n\n\n<p><strong>2.<\/strong> <strong>Lencse Nat\u00e1lia<\/strong> (Klauz\u00e1l G\u00e1bor \u00c1ltal\u00e1nos\nIskola, felk\u00e9sz\u00edt\u0151: Papp Enik\u0151)<\/p>\n\n\n\n<p><strong>3. Varr\u00f3 Bogl\u00e1rka<\/strong>\n(N\u00e9meth L\u00e1szl\u00f3 Gimn\u00e1zium, \u00c1ltal\u00e1nos Iskola, felk\u00e9sz\u00edt\u0151: Hatvanin\u00e9 B\u00f6r\u00f6cz\nKatalin)<\/p>\n\n\n\n<p><strong>4. Farkas Mikl\u00f3s<\/strong>\n(Szent J\u00f3zsef Kertv\u00e1rosi Katolikus \u00c1ltal\u00e1nos Iskola, felk\u00e9sz\u00edt\u0151: Kendin\u00e9 Kiss\nIlona)<\/p>\n\n\n\n<p><strong>5. \u00d6mb\u00f6li Z\u00e9t\u00e9ny<\/strong>\n(Szent J\u00f3zsef Kertv\u00e1rosi Katolikus \u00c1ltal\u00e1nos Iskola, felk\u00e9sz\u00edt\u0151: Kendin\u00e9 Kiss\nIlona)<\/p>\n\n\n\n<p><strong>6. K\u00e1d\u00e1r Enik\u0151<\/strong>\n(Szent Istv\u00e1n \u00c1ltal\u00e1nos Iskola, felk\u00e9sz\u00edt\u0151k: Purgel Be\u00e1ta \u00e9s Szappanos Zolt\u00e1n)<\/p>\n\n\n\n<p><strong>6. \u00e9vfolyam<\/strong><\/p>\n\n\n\n<p><strong>1. Gugcs\u00f3 Mirtill<\/strong>\n(Sz\u00e9kkutasi Gregus M\u00e1t\u00e9 \u00c1ltal\u00e1nos Iskola, felk\u00e9sz\u00edt\u0151: Patyi \u00c9va)<\/p>\n\n\n\n<p><strong>2. Nagy-Sztancsik \u00c1d\u00e1m<\/strong>\n(Szent J\u00f3zsef Kertv\u00e1rosi Katolikus \u00c1ltal\u00e1nos Iskola, felk\u00e9sz\u00edt\u0151: Kov\u00e1cs M\u00f3nika)<\/p>\n\n\n\n<p><strong>3. Peth\u0151 Hanna<\/strong>\n(Szent J\u00f3zsef Kertv\u00e1rosi Katolikus \u00c1ltal\u00e1nos Iskola, felk\u00e9sz\u00edt\u0151: Kov\u00e1cs M\u00f3nika)<\/p>\n\n\n\n<p><strong>4. F\u00fcvesi Levente<\/strong>\n(Szent Istv\u00e1n \u00c1ltal\u00e1nos Iskola, felk\u00e9sz\u00edt\u0151: B\u00e9resn\u00e9 Kotym\u00e1n Erzs\u00e9bet)<\/p>\n\n\n\n<p><strong>5. Farkas Emma<\/strong>\n(Szent J\u00f3zsef Kertv\u00e1rosi Katolikus \u00c1ltal\u00e1nos Iskola, felk\u00e9sz\u00edt\u0151: Darid\u00e1n\u00e9 Papp\nErika)<\/p>\n\n\n\n<p><strong>6. Barta P\u00e9ter<\/strong>\n(N\u00e9meth L\u00e1szl\u00f3 Gimn\u00e1zium, \u00c1ltal\u00e1nos Iskola, felk\u00e9sz\u00edt\u0151: Peng\u0151n\u00e9 Cseh Ildik\u00f3)<\/p>\n\n\n\n<p><strong>7. \u00e9vfolyam<\/strong><\/p>\n\n\n\n<p><strong>1. G\u00e1bor Attila<\/strong>\n(Szent Istv\u00e1n \u00c1ltal\u00e1nos Iskola, felk\u00e9sz\u00edt\u0151: B\u00e9resn\u00e9 Kotym\u00e1n Erzs\u00e9bet)<\/p>\n\n\n\n<p><strong>2. V\u00e9r Barnab\u00e1s<\/strong>\n(Szent J\u00f3zsef Kertv\u00e1rosi Katolikus \u00c1ltal\u00e1nos Iskola, felk\u00e9sz\u00edt\u0151:&nbsp;&nbsp;&nbsp;&nbsp;&nbsp;&nbsp; Kov\u00e1cs M\u00f3nika)<\/p>\n\n\n\n<p><strong>3. G\u00e1l Petra<\/strong>\n(Szent J\u00f3zsef Kertv\u00e1rosi Katolikus \u00c1ltal\u00e1nos Iskola, felk\u00e9sz\u00edt\u0151: Kov\u00e1cs M\u00f3nika)<\/p>\n\n\n\n<p><strong>4. Kocsis Krist\u00f3f<\/strong>\n(Szent Istv\u00e1n \u00c1ltal\u00e1nos Iskola, felk\u00e9sz\u00edt\u0151: B\u00e9resn\u00e9 Kotym\u00e1n Erzs\u00e9bet)<\/p>\n\n\n\n<p><strong>5. Borsos Viktor<\/strong>\n(Szent J\u00f3zsef Kertv\u00e1rosi Katolikus \u00c1ltal\u00e1nos Iskola felk\u00e9sz\u00edt\u0151: Kov\u00e1cs M\u00f3nika)<\/p>\n\n\n\n<p><strong>6. V\u00edzh\u00e1ny\u00f3 Fruzsina<\/strong>\n(Szent Istv\u00e1n \u00c1ltal\u00e1nos Iskola, felk\u00e9sz\u00edt\u0151: B\u00e9resn\u00e9 Kotym\u00e1n Erzs\u00e9bet)<\/p>\n\n\n\n<p><strong>8. \u00e9vfolyam<\/strong><\/p>\n\n\n\n<p><strong>1.Karsai Bal\u00e1zs<\/strong>\n(Szent J\u00f3zsef Kertv\u00e1rosi Katolikus \u00c1ltal\u00e1nos Iskola, felk\u00e9sz\u00edt\u0151:&nbsp;&nbsp;&nbsp;&nbsp;&nbsp;&nbsp;&nbsp; Kov\u00e1cs M\u00f3nika)<\/p>\n\n\n\n<p><strong>2. Mucsi Gerg\u0151<\/strong>\n(Mindszenti \u00c1ltal\u00e1nos Iskola, felk\u00e9sz\u00edt\u0151: M\u00e1rkus Imre)<\/p>\n\n\n\n<p><strong>3. G\u00e9mes Noel<\/strong>\n(Mindszenti \u00c1ltal\u00e1nos Iskola, felk\u00e9sz\u00edt\u0151: M\u00e1rkus Imre)<\/p>\n\n\n\n<p><strong>4. Budai M\u00e1t\u00e9<\/strong> (Mindszenti\n\u00c1ltal\u00e1nos Iskola, felk\u00e9sz\u00edt\u0151: M\u00e1rkus Imre)<\/p>\n\n\n\n<p><strong>5. Tarj\u00e1n M\u00e1rk<\/strong>\n(Szent J\u00f3zsef Kertv\u00e1rosi Katolikus \u00c1ltal\u00e1nos Iskola, felk\u00e9sz\u00edt\u0151: Kov\u00e1cs M\u00f3nika)<\/p>\n\n\n\n<p><strong>6. Asztalos Bence<\/strong>\n(Liszt Ferenc \u00c9nek-zenei \u00c1ltal\u00e1nos Iskola, felk\u00e9sz\u00edt\u0151:&nbsp;&nbsp;&nbsp;&nbsp;&nbsp;&nbsp; Konczosn\u00e9 Nagy-N\u00e9medi Gabriella )<\/p>\n\n\n\n<style type=\"text\/css\">\r\n\t#foogallery-gallery-2278 .fg-image {\r\n        width: 150px;\r\n    }\r\n<\/style>\r\n\t\t\t\t<div class=\"foogallery foogallery-container foogallery-default foogallery-lightbox-foobox fg-gutter-10 fg-center fg-default fg-light fg-border-thin fg-shadow-outline fg-loading-default fg-loaded-fade-in fg-caption-hover fg-hover-fade fg-hover-zoom fg-ready\" id=\"foogallery-gallery-2278\" data-foogallery=\"{&quot;item&quot;:{&quot;showCaptionTitle&quot;:true,&quot;showCaptionDescription&quot;:true},&quot;lazy&quot;:true}\" >\r\n\t<div class=\"fg-item fg-type-image fg-idle\"><figure class=\"fg-item-inner\"><a href=\"https:\/\/emlekpont.hu\/wp-content\/uploads\/2020\/02\/2019_0425_Tori_00.jpg\" data-attachment-id=\"2279\" data-type=\"image\" class=\"fg-thumb\"><span class=\"fg-image-wrap\"><img decoding=\"async\" width=\"150\" height=\"150\" class=\"skip-lazy fg-image\" data-src-fg=\"https:\/\/emlekpont.hu\/wp-content\/uploads\/cache\/2020\/02\/2019_0425_Tori_00\/2171184294.jpg\" src=\"data:image\/svg+xml,%3Csvg%20xmlns%3D%22http%3A%2F%2Fwww.w3.org%2F2000%2Fsvg%22%20width%3D%22150%22%20height%3D%22150%22%20viewBox%3D%220%200%20150%20150%22%3E%3C%2Fsvg%3E\" loading=\"eager\"><\/span><span class=\"fg-image-overlay\"><\/span><\/a><figcaption class=\"fg-caption\"><div class=\"fg-caption-inner\"><\/div><\/figcaption><\/figure><div class=\"fg-loader\"><\/div><\/div><div class=\"fg-item fg-type-image fg-idle\"><figure class=\"fg-item-inner\"><a href=\"https:\/\/emlekpont.hu\/wp-content\/uploads\/2020\/02\/2019_0425_Tori_01.jpg\" data-attachment-id=\"2280\" data-type=\"image\" class=\"fg-thumb\"><span class=\"fg-image-wrap\"><img decoding=\"async\" width=\"150\" height=\"150\" class=\"skip-lazy fg-image\" data-src-fg=\"https:\/\/emlekpont.hu\/wp-content\/uploads\/cache\/2020\/02\/2019_0425_Tori_01\/1847044969.jpg\" src=\"data:image\/svg+xml,%3Csvg%20xmlns%3D%22http%3A%2F%2Fwww.w3.org%2F2000%2Fsvg%22%20width%3D%22150%22%20height%3D%22150%22%20viewBox%3D%220%200%20150%20150%22%3E%3C%2Fsvg%3E\" loading=\"eager\"><\/span><span class=\"fg-image-overlay\"><\/span><\/a><figcaption class=\"fg-caption\"><div class=\"fg-caption-inner\"><\/div><\/figcaption><\/figure><div class=\"fg-loader\"><\/div><\/div><div class=\"fg-item fg-type-image fg-idle\"><figure class=\"fg-item-inner\"><a href=\"https:\/\/emlekpont.hu\/wp-content\/uploads\/2020\/02\/2019_0425_Tori_02.jpg\" data-attachment-id=\"2281\" data-type=\"image\" class=\"fg-thumb\"><span class=\"fg-image-wrap\"><img decoding=\"async\" width=\"150\" height=\"150\" class=\"skip-lazy fg-image\" data-src-fg=\"https:\/\/emlekpont.hu\/wp-content\/uploads\/cache\/2020\/02\/2019_0425_Tori_02\/3129154775.jpg\" src=\"data:image\/svg+xml,%3Csvg%20xmlns%3D%22http%3A%2F%2Fwww.w3.org%2F2000%2Fsvg%22%20width%3D%22150%22%20height%3D%22150%22%20viewBox%3D%220%200%20150%20150%22%3E%3C%2Fsvg%3E\" loading=\"eager\"><\/span><span class=\"fg-image-overlay\"><\/span><\/a><figcaption class=\"fg-caption\"><div class=\"fg-caption-inner\"><\/div><\/figcaption><\/figure><div class=\"fg-loader\"><\/div><\/div><div class=\"fg-item fg-type-image fg-idle\"><figure class=\"fg-item-inner\"><a href=\"https:\/\/emlekpont.hu\/wp-content\/uploads\/2020\/02\/2019_0425_Tori_03.jpg\" data-attachment-id=\"2282\" data-type=\"image\" class=\"fg-thumb\"><span class=\"fg-image-wrap\"><img decoding=\"async\" width=\"150\" height=\"150\" class=\"skip-lazy fg-image\" data-src-fg=\"https:\/\/emlekpont.hu\/wp-content\/uploads\/cache\/2020\/02\/2019_0425_Tori_03\/2550516910.jpg\" src=\"data:image\/svg+xml,%3Csvg%20xmlns%3D%22http%3A%2F%2Fwww.w3.org%2F2000%2Fsvg%22%20width%3D%22150%22%20height%3D%22150%22%20viewBox%3D%220%200%20150%20150%22%3E%3C%2Fsvg%3E\" loading=\"eager\"><\/span><span class=\"fg-image-overlay\"><\/span><\/a><figcaption class=\"fg-caption\"><div class=\"fg-caption-inner\"><\/div><\/figcaption><\/figure><div class=\"fg-loader\"><\/div><\/div><div class=\"fg-item fg-type-image fg-idle\"><figure class=\"fg-item-inner\"><a href=\"https:\/\/emlekpont.hu\/wp-content\/uploads\/2020\/02\/2019_0425_Tori_04.jpg\" data-attachment-id=\"2283\" data-type=\"image\" class=\"fg-thumb\"><span class=\"fg-image-wrap\"><img decoding=\"async\" width=\"150\" height=\"150\" class=\"skip-lazy fg-image\" data-src-fg=\"https:\/\/emlekpont.hu\/wp-content\/uploads\/cache\/2020\/02\/2019_0425_Tori_04\/3369825770.jpg\" src=\"data:image\/svg+xml,%3Csvg%20xmlns%3D%22http%3A%2F%2Fwww.w3.org%2F2000%2Fsvg%22%20width%3D%22150%22%20height%3D%22150%22%20viewBox%3D%220%200%20150%20150%22%3E%3C%2Fsvg%3E\" loading=\"eager\"><\/span><span class=\"fg-image-overlay\"><\/span><\/a><figcaption class=\"fg-caption\"><div class=\"fg-caption-inner\"><\/div><\/figcaption><\/figure><div class=\"fg-loader\"><\/div><\/div><div class=\"fg-item fg-type-image fg-idle\"><figure class=\"fg-item-inner\"><a href=\"https:\/\/emlekpont.hu\/wp-content\/uploads\/2020\/02\/2019_0425_Tori_05.jpg\" data-attachment-id=\"2284\" data-type=\"image\" class=\"fg-thumb\"><span class=\"fg-image-wrap\"><img decoding=\"async\" width=\"150\" height=\"150\" class=\"skip-lazy fg-image\" data-src-fg=\"https:\/\/emlekpont.hu\/wp-content\/uploads\/cache\/2020\/02\/2019_0425_Tori_05\/1497522854.jpg\" src=\"data:image\/svg+xml,%3Csvg%20xmlns%3D%22http%3A%2F%2Fwww.w3.org%2F2000%2Fsvg%22%20width%3D%22150%22%20height%3D%22150%22%20viewBox%3D%220%200%20150%20150%22%3E%3C%2Fsvg%3E\" loading=\"eager\"><\/span><span class=\"fg-image-overlay\"><\/span><\/a><figcaption class=\"fg-caption\"><div class=\"fg-caption-inner\"><\/div><\/figcaption><\/figure><div class=\"fg-loader\"><\/div><\/div><div class=\"fg-item fg-type-image fg-idle\"><figure class=\"fg-item-inner\"><a href=\"https:\/\/emlekpont.hu\/wp-content\/uploads\/2020\/02\/2019_0425_Tori_06.jpg\" data-attachment-id=\"2285\" data-type=\"image\" class=\"fg-thumb\"><span class=\"fg-image-wrap\"><img decoding=\"async\" width=\"150\" height=\"150\" class=\"skip-lazy fg-image\" data-src-fg=\"https:\/\/emlekpont.hu\/wp-content\/uploads\/cache\/2020\/02\/2019_0425_Tori_06\/2379666712.jpg\" src=\"data:image\/svg+xml,%3Csvg%20xmlns%3D%22http%3A%2F%2Fwww.w3.org%2F2000%2Fsvg%22%20width%3D%22150%22%20height%3D%22150%22%20viewBox%3D%220%200%20150%20150%22%3E%3C%2Fsvg%3E\" loading=\"eager\"><\/span><span class=\"fg-image-overlay\"><\/span><\/a><figcaption class=\"fg-caption\"><div class=\"fg-caption-inner\"><\/div><\/figcaption><\/figure><div class=\"fg-loader\"><\/div><\/div><div class=\"fg-item fg-type-image fg-idle\"><figure class=\"fg-item-inner\"><a href=\"https:\/\/emlekpont.hu\/wp-content\/uploads\/2020\/02\/2019_0425_Tori_07.jpg\" data-attachment-id=\"2286\" data-type=\"image\" class=\"fg-thumb\"><span class=\"fg-image-wrap\"><img decoding=\"async\" width=\"150\" height=\"150\" class=\"skip-lazy fg-image\" data-src-fg=\"https:\/\/emlekpont.hu\/wp-content\/uploads\/cache\/2020\/02\/2019_0425_Tori_07\/2941257057.jpg\" src=\"data:image\/svg+xml,%3Csvg%20xmlns%3D%22http%3A%2F%2Fwww.w3.org%2F2000%2Fsvg%22%20width%3D%22150%22%20height%3D%22150%22%20viewBox%3D%220%200%20150%20150%22%3E%3C%2Fsvg%3E\" loading=\"eager\"><\/span><span class=\"fg-image-overlay\"><\/span><\/a><figcaption class=\"fg-caption\"><div class=\"fg-caption-inner\"><\/div><\/figcaption><\/figure><div class=\"fg-loader\"><\/div><\/div><\/div>\r\n\n","protected":false},"excerpt":{"rendered":"<p>\u00c9vr\u0151l \u00e9vre egyre t\u00f6bb \u00e1ltal\u00e1nos iskol\u00e1s vesz r\u00e9szt az id\u00e9n tizenkilencedik alkalommal megrendezett v\u00e1rosi t\u00f6rt\u00e9nelemversenyen, amelynek cs\u00fct\u00f6rt\u00f6ki eredm\u00e9nyhirdet\u00e9s\u00e9n az \u00e9vfolyamonk\u00e9nt els\u0151 hat helyezett di\u00e1k jutalomk\u00f6nyvet vehetett \u00e1t az Eml\u00e9kpontban. A h\u00f3dmez\u0151v\u00e1s\u00e1rhelyi Eml\u00e9kpont \u00e9s a Klauz\u00e1l G\u00e1bor \u00c1ltal\u00e1nos Iskola idei szakt\u00e1rgyi verseny\u00e9n k\u00f6zel sz\u00e1zh\u00fasz v\u00e1s\u00e1rhelyi, mindszenti \u00e9s sz\u00e9kkutasi fels\u0151 tagozatos di\u00e1k m\u00e9rte \u00f6ssze t\u00f6rt\u00e9nelemtud\u00e1s\u00e1t az elm\u00falt [&hellip;]<\/p>\n","protected":false},"author":5,"featured_media":2257,"comment_status":"closed","ping_status":"closed","sticky":false,"template":"","format":"standard","meta":{"footnotes":""},"categories":[12,8],"tags":[],"_links":{"self":[{"href":"https:\/\/emlekpont.hu\/index.php?rest_route=\/wp\/v2\/posts\/2287"}],"collection":[{"href":"https:\/\/emlekpont.hu\/index.php?rest_route=\/wp\/v2\/posts"}],"about":[{"href":"https:\/\/emlekpont.hu\/index.php?rest_route=\/wp\/v2\/types\/post"}],"author":[{"embeddable":true,"href":"https:\/\/emlekpont.hu\/index.php?rest_route=\/wp\/v2\/users\/5"}],"replies":[{"embeddable":true,"href":"https:\/\/emlekpont.hu\/index.php?rest_route=%2Fwp%2Fv2%2Fcomments&post=2287"}],"version-history":[{"count":1,"href":"https:\/\/emlekpont.hu\/index.php?rest_route=\/wp\/v2\/posts\/2287\/revisions"}],"predecessor-version":[{"id":2288,"href":"https:\/\/emlekpont.hu\/index.php?rest_route=\/wp\/v2\/posts\/2287\/revisions\/2288"}],"wp:featuredmedia":[{"embeddable":true,"href":"https:\/\/emlekpont.hu\/index.php?rest_route=\/wp\/v2\/media\/2257"}],"wp:attachment":[{"href":"https:\/\/emlekpont.hu\/index.php?rest_route=%2Fwp%2Fv2%2Fmedia&parent=2287"}],"wp:term":[{"taxonomy":"category","embeddable":true,"href":"https:\/\/emlekpont.hu\/index.php?rest_route=%2Fwp%2Fv2%2Fcategories&post=2287"},{"taxonomy":"post_tag","embeddable":true,"href":"https:\/\/emlekpont.hu\/index.php?rest_route=%2Fwp%2Fv2%2Ftags&post=2287"}],"curies":[{"name":"wp","href":"https:\/\/api.w.org\/{rel}","templated":true}]}}