{"id":1867,"date":"2019-10-25T10:50:00","date_gmt":"2019-10-25T10:50:00","guid":{"rendered":"http:\/\/emlekpont.hu\/?p=1867"},"modified":"2020-02-03T10:52:33","modified_gmt":"2020-02-03T10:52:33","slug":"unnepi-allomanygyulesen-tisztelegtek-56-elott-a-honvedek","status":"publish","type":"post","link":"https:\/\/emlekpont.hu\/?p=1867","title":{"rendered":"\u00dcnnepi \u00e1llom\u00e1nygy\u0171l\u00e9sen tisztelegtek &#8217;56 el\u0151tt a honv\u00e9dek"},"content":{"rendered":"\n<p>A Magyar Honv\u00e9ds\u00e9g 37. II. R\u00e1k\u00f3czi Ferenc M\u0171szaki Ezrede \u00fcnnepi \u00e1llom\u00e1nygy\u0171l\u00e9st rendezett nemzeti \u00fcnnep\u00fcnk alkalm\u00e1b\u00f3l. A hagyom\u00e1nyokhoz h\u0171en a rendezv\u00e9ny el\u0151tt az alakulat vezet\u0151 \u00e1llom\u00e1nya koszor\u00fat helyezett el a Damjanich laktany\u00e1ban, az 1956-os kopjaf\u00e1n\u00e1l \u2013 sz\u00e1molt be a D\u00e9lmagyarorsz\u00e1g napilap 2019. okt\u00f3ber 24-i sz\u00e1m\u00e1ban.<\/p>\n\n\n\n<p>Az \u00e1llom\u00e1nygy\u0171l\u00e9sen Mikl\u00f3s P\u00e9ter t\u00f6rt\u00e9n\u00e9sz, a h\u00f3dmez\u0151v\u00e1s\u00e1rhelyi Eml\u00e9kpont\nint\u00e9zm\u00e9nyvezet\u0151je m\u00e9ltatta a forradalom t\u00f6rt\u00e9nelmi jelent\u0151s\u00e9g\u00e9t besz\u00e9d\u00e9ben. \u2013\nMa arr\u00f3l eml\u00e9kezhet\u00fcnk, hogy 1956 okt\u00f3ber\u00e9ben a magyar t\u00e1rsadalom \u00f6ssze tudott\nfogni a szabads\u00e1g\u00e9rt, a min\u0151s\u00e9gi \u00e9let\u00e9rt \u00e9s \u00f6ssze tudott fogni az\u00e9rt, hogy\nminden magyar olyan \u00e9letet \u00e9lhessen, amilyent mag\u00e1nak \u00e1lmodik, amelyben\nmegval\u00f3s\u00edthatja saj\u00e1t mag\u00e1t \u2013 emelte ki a t\u00f6rt\u00e9n\u00e9sz. A rendezv\u00e9ny \u00fcnnepi\nm\u0171sor\u00e1ban a Horv\u00e1th Mih\u00e1ly Gimn\u00e1zium irodalmi-dr\u00e1mai tagozatos di\u00e1kjai id\u00e9zt\u00e9k\nfel az okt\u00f3ber 23-i esem\u00e9nyeket, a fiatalok szabads\u00e1gv\u00e1gy\u00e1t.<\/p>\n\n\n\n<p>Az \u00fcnneps\u00e9g elismer\u00e9sek \u00e1tad\u00e1s\u00e1val \u00e9s el\u0151l\u00e9ptet\u00e9ssel z\u00e1rult: T\u00f3th Attila\nViktor z\u00e1szl\u00f3s a Szolg\u00e1lati \u00c9rdemjel Bronz fokozat\u00e1t, T\u00f3th Gell\u00e9rt hadnagy a\nTiszti Szolg\u00e1lati Jel III. fokozat\u00e1t, Kov\u00e1cs J\u00e1nos \u00e9s Moln\u00e1r L\u00e1szl\u00f3 z\u00e1szl\u00f3sok,\nvalamint Pal\u00f3cz-Kir\u00e1ly R\u00f3bert Mikl\u00f3s \u00e9s Sz\u0171cs Jen\u0151 f\u0151t\u00f6rzs\u0151rmesterek az\nAltiszti-Leg\u00e9nys\u00e9gi Szolg\u00e1lati Jel II. fokozat\u00e1t, tov\u00e1bb\u00e1 \u00d3nodi P\u00e9ter\nt\u00f6rzs\u0151rmester, Bacsa Mariann \u00e9s Panyor Ern\u0151 Zolt\u00e1n szakaszvezet\u0151k az\nAltiszti-Leg\u00e9nys\u00e9gi Szolg\u00e1lati Jel III. fokozat\u00e1t kapt\u00e1k meg.<\/p>\n\n\n\n<p>Kiemelked\u0151 munk\u00e1juk elismer\u00e9s\u00e9\u00fcl Varga Istv\u00e1n f\u0151t\u00f6rzs\u0151rmester, Kiss Endre\nt\u00f6rzs\u0151rmester \u00e9s Par\u00f3czai G\u00e1bor Lajos \u0151rmester k\u00f6nyvet, Losonnczi M\u00f3nika\nErzs\u00e9bet z\u00e1szl\u00f3s, D\u00e1n J\u00f3zsef t\u00f6rzs\u0151rmester, Fazekas Istv\u00e1n szakaszvezet\u0151,\nCsizmadia Gerg\u0151 tizedes, Cseh Erzs\u00e9bet \u0151rvezet\u0151, Bus\u00e1n\u00e9 Gy\u00f6rgy Emma, Dob\u00e1n\u00e9\nB\u00e1lint Gabriella \u00e9s Gurmain\u00e9 Kardos Ang\u00e9la honv\u00e9delmi alkalmazottak pedig\neml\u00e9klapot vehettek \u00e1t, S\u00fct\u0151-Kacziba Piroska \u0151rmestert pedig t\u00f6rzs\u0151rmesterr\u00e9\nl\u00e9ptett\u00e9k el\u0151.<\/p>\n\n\n\n<p><a href=\"https:\/\/www.delmagyar.hu\/kozelet\/helyi-kozelet\/unnepi-allomanygyulesen-tisztelegtek-56-elott-a-honvedek-4673850\/\">(Forr\u00e1s: delmagyar.hu, fot\u00f3: K\u00e1rp\u00e1ti Lajos)<\/a><\/p>\n\n\n\n<figure class=\"wp-block-image size-large\"><img fetchpriority=\"high\" decoding=\"async\" width=\"1024\" height=\"512\" src=\"http:\/\/emlekpont.hu\/wp-content\/uploads\/2020\/02\/D\u00e9lmagyar-fot\u00f3-1024x512.jpg\" alt=\"\" class=\"wp-image-1868\" srcset=\"https:\/\/emlekpont.hu\/wp-content\/uploads\/2020\/02\/D\u00e9lmagyar-fot\u00f3-1024x512.jpg 1024w, https:\/\/emlekpont.hu\/wp-content\/uploads\/2020\/02\/D\u00e9lmagyar-fot\u00f3-300x150.jpg 300w, https:\/\/emlekpont.hu\/wp-content\/uploads\/2020\/02\/D\u00e9lmagyar-fot\u00f3-768x384.jpg 768w, https:\/\/emlekpont.hu\/wp-content\/uploads\/2020\/02\/D\u00e9lmagyar-fot\u00f3-830x415.jpg 830w, https:\/\/emlekpont.hu\/wp-content\/uploads\/2020\/02\/D\u00e9lmagyar-fot\u00f3-230x115.jpg 230w, https:\/\/emlekpont.hu\/wp-content\/uploads\/2020\/02\/D\u00e9lmagyar-fot\u00f3-350x175.jpg 350w, https:\/\/emlekpont.hu\/wp-content\/uploads\/2020\/02\/D\u00e9lmagyar-fot\u00f3-480x240.jpg 480w, https:\/\/emlekpont.hu\/wp-content\/uploads\/2020\/02\/D\u00e9lmagyar-fot\u00f3.jpg 1143w\" sizes=\"(max-width: 1024px) 100vw, 1024px\" \/><\/figure>\n","protected":false},"excerpt":{"rendered":"<p>A Magyar Honv\u00e9ds\u00e9g 37. II. R\u00e1k\u00f3czi Ferenc M\u0171szaki Ezrede \u00fcnnepi \u00e1llom\u00e1nygy\u0171l\u00e9st rendezett nemzeti \u00fcnnep\u00fcnk alkalm\u00e1b\u00f3l. A hagyom\u00e1nyokhoz h\u0171en a rendezv\u00e9ny el\u0151tt az alakulat vezet\u0151 \u00e1llom\u00e1nya koszor\u00fat helyezett el a Damjanich laktany\u00e1ban, az 1956-os kopjaf\u00e1n\u00e1l \u2013 sz\u00e1molt be a D\u00e9lmagyarorsz\u00e1g napilap 2019. okt\u00f3ber 24-i sz\u00e1m\u00e1ban. Az \u00e1llom\u00e1nygy\u0171l\u00e9sen Mikl\u00f3s P\u00e9ter t\u00f6rt\u00e9n\u00e9sz, a h\u00f3dmez\u0151v\u00e1s\u00e1rhelyi Eml\u00e9kpont int\u00e9zm\u00e9nyvezet\u0151je m\u00e9ltatta a [&hellip;]<\/p>\n","protected":false},"author":5,"featured_media":1868,"comment_status":"closed","ping_status":"closed","sticky":false,"template":"","format":"standard","meta":{"footnotes":""},"categories":[8],"tags":[],"_links":{"self":[{"href":"https:\/\/emlekpont.hu\/index.php?rest_route=\/wp\/v2\/posts\/1867"}],"collection":[{"href":"https:\/\/emlekpont.hu\/index.php?rest_route=\/wp\/v2\/posts"}],"about":[{"href":"https:\/\/emlekpont.hu\/index.php?rest_route=\/wp\/v2\/types\/post"}],"author":[{"embeddable":true,"href":"https:\/\/emlekpont.hu\/index.php?rest_route=\/wp\/v2\/users\/5"}],"replies":[{"embeddable":true,"href":"https:\/\/emlekpont.hu\/index.php?rest_route=%2Fwp%2Fv2%2Fcomments&post=1867"}],"version-history":[{"count":1,"href":"https:\/\/emlekpont.hu\/index.php?rest_route=\/wp\/v2\/posts\/1867\/revisions"}],"predecessor-version":[{"id":1869,"href":"https:\/\/emlekpont.hu\/index.php?rest_route=\/wp\/v2\/posts\/1867\/revisions\/1869"}],"wp:featuredmedia":[{"embeddable":true,"href":"https:\/\/emlekpont.hu\/index.php?rest_route=\/wp\/v2\/media\/1868"}],"wp:attachment":[{"href":"https:\/\/emlekpont.hu\/index.php?rest_route=%2Fwp%2Fv2%2Fmedia&parent=1867"}],"wp:term":[{"taxonomy":"category","embeddable":true,"href":"https:\/\/emlekpont.hu\/index.php?rest_route=%2Fwp%2Fv2%2Fcategories&post=1867"},{"taxonomy":"post_tag","embeddable":true,"href":"https:\/\/emlekpont.hu\/index.php?rest_route=%2Fwp%2Fv2%2Ftags&post=1867"}],"curies":[{"name":"wp","href":"https:\/\/api.w.org\/{rel}","templated":true}]}}