{"id":1857,"date":"2019-10-23T10:40:00","date_gmt":"2019-10-23T10:40:00","guid":{"rendered":"http:\/\/emlekpont.hu\/?p=1857"},"modified":"2020-02-03T10:42:34","modified_gmt":"2020-02-03T10:42:34","slug":"ujraavattak-kovats-jozsef-1956-szegedi-martirja-emlektablajat","status":"publish","type":"post","link":"https:\/\/emlekpont.hu\/?p=1857","title":{"rendered":"\u00dajraavatt\u00e1k Kov\u00e1ts J\u00f3zsef, 1956 szegedi m\u00e1rt\u00edrja eml\u00e9kt\u00e1bl\u00e1j\u00e1t"},"content":{"rendered":"\n<p><strong>A Szegedi Tudom\u00e1nyegyetem 56-os Eml\u00e9kbizotts\u00e1ga tagjai \u00fajraavatt\u00e1k Kov\u00e1ts J\u00f3zsef, az 1956-os forradalom \u00e9s szabads\u00e1gharc szegedi m\u00e1rt\u00edrja eml\u00e9kt\u00e1bl\u00e1j\u00e1t. Az esem\u00e9nyen r\u00e9szt vett Mikl\u00f3s P\u00e9ter, a h\u00f3dmez\u0151v\u00e1s\u00e1rhelyi Tornyai J\u00e1nos M\u00fazeum igazgat\u00f3ja is.<\/strong><\/p>\n\n\n\n<p>A Szegedi\nTudom\u00e1nyegyetem 56-os Eml\u00e9kbizotts\u00e1g\u00e1nak tagjai az okt\u00f3ber 23-i nemzeti \u00fcnnep\nnapj\u00e1n \u00fajraavatt\u00e1k Kov\u00e1ts J\u00f3zsef (1926\u20131958), az 1956-os forradalom \u00e9s\nszabads\u00e1gharc szegedi m\u00e1rt\u00edrja eml\u00e9kt\u00e1bl\u00e1j\u00e1t a szegedi egyetem\nterm\u00e9szettudom\u00e1nyi kar\u00e1nak Aradi v\u00e9rtan\u00fak ter\u00e9n \u00e1ll\u00f3 \u00e9p\u00fclet\u00e9nek fal\u00e1n. Az\negykori szegedi egyetemista t\u00e1bl\u00e1j\u00e1nak \u00fajraavat\u00e1s\u00e1t, annak az \u00e9p\u00fclet\nf\u00f6l\u00faj\u00edt\u00e1sakor t\u00f6rt\u00e9nt elt\u00e1vol\u00edt\u00e1sa indokolta. Az esem\u00e9nyen Zakar P\u00e9ter\nprofesszor, a Szegedi Tudom\u00e1nyegyetem rektorhelyettese mellett Jancs\u00e1k Csaba\ndocens, Dux L\u00e1szl\u00f3 professzor \u00e9s Papp Viola Zsuzsanna, az egyetemi hallgat\u00f3i\n\u00f6nkorm\u00e1nyzat eln\u00f6ke vett r\u00e9szt. <\/p>\n\n\n\n<p>Az egyetemi\n56-os Eml\u00e9kbizotts\u00e1gnak alap\u00edt\u00e1s\u00e1t\u00f3l kezdve tagja Mikl\u00f3s P\u00e9ter docens, a h\u00f3dmez\u0151v\u00e1s\u00e1rhelyi\nTornyai J\u00e1nos M\u00fazeum igazgat\u00f3ja, az Eml\u00e9kpont int\u00e9zm\u00e9nyvezet\u0151je is. \u201eKov\u00e1ts\nJ\u00f3zsef a forradalom napjaiban a szegedi forradalmi bizotts\u00e1g egyik vezet\u0151je \u00e9s\na v\u00e1rosi nemzet\u0151rs\u00e1g szervez\u0151je volt, akit a magyar szabads\u00e1g melletti b\u00e1tor\nki\u00e1ll\u00e1s\u00e1\u00e9rt a szovjet \u00e9rdekeket kiszolg\u00e1l\u00f3 k\u00e1d\u00e1ri hatalom hal\u00e1lra \u00edt\u00e9lt, s\n1958. okt\u00f3ber 6-\u00e1n kiv\u00e9geztetett\u201d \u2013 foglalta \u00f6ssze r\u00f6viden az \u00f6tvenhatos\nv\u00e9rtan\u00fa t\u00f6rt\u00e9nelmi jelent\u0151s\u00e9g\u00e9t a m\u00fazeumigazgat\u00f3.<\/p>\n\n\n\n<p>Fot\u00f3k: Majzik\nAndrea<\/p>\n\n\n\n<style type=\"text\/css\">\r\n\t#foogallery-gallery-1850 .fg-image {\r\n        width: 150px;\r\n    }\r\n<\/style>\r\n\t\t\t\t<div class=\"foogallery foogallery-container foogallery-default foogallery-lightbox-none fg-gutter-10 fg-center fg-default fg-light fg-border-thin fg-shadow-outline fg-loading-default fg-loaded-fade-in fg-caption-hover fg-hover-fade fg-hover-zoom fg-ready\" id=\"foogallery-gallery-1850\" data-foogallery=\"{&quot;item&quot;:{&quot;showCaptionTitle&quot;:true,&quot;showCaptionDescription&quot;:true},&quot;lazy&quot;:true}\" >\r\n\t<div class=\"fg-item fg-type-image fg-idle\"><figure class=\"fg-item-inner\"><a href=\"https:\/\/emlekpont.hu\/wp-content\/uploads\/2020\/02\/2019_1023_Tabla_01.jpg\" data-attachment-id=\"1851\" data-type=\"image\" class=\"fg-thumb\"><span class=\"fg-image-wrap\"><img decoding=\"async\" width=\"150\" height=\"150\" class=\"skip-lazy fg-image\" data-src-fg=\"https:\/\/emlekpont.hu\/wp-content\/uploads\/cache\/2020\/02\/2019_1023_Tabla_01\/170138677.jpg\" src=\"data:image\/svg+xml,%3Csvg%20xmlns%3D%22http%3A%2F%2Fwww.w3.org%2F2000%2Fsvg%22%20width%3D%22150%22%20height%3D%22150%22%20viewBox%3D%220%200%20150%20150%22%3E%3C%2Fsvg%3E\" loading=\"eager\"><\/span><span class=\"fg-image-overlay\"><\/span><\/a><figcaption class=\"fg-caption\"><div class=\"fg-caption-inner\"><\/div><\/figcaption><\/figure><div class=\"fg-loader\"><\/div><\/div><div class=\"fg-item fg-type-image fg-idle\"><figure class=\"fg-item-inner\"><a href=\"https:\/\/emlekpont.hu\/wp-content\/uploads\/2020\/02\/2019_1023_Tabla_02.jpg\" data-attachment-id=\"1852\" data-type=\"image\" class=\"fg-thumb\"><span class=\"fg-image-wrap\"><img decoding=\"async\" width=\"150\" height=\"150\" class=\"skip-lazy fg-image\" data-src-fg=\"https:\/\/emlekpont.hu\/wp-content\/uploads\/cache\/2020\/02\/2019_1023_Tabla_02\/3123396829.jpg\" src=\"data:image\/svg+xml,%3Csvg%20xmlns%3D%22http%3A%2F%2Fwww.w3.org%2F2000%2Fsvg%22%20width%3D%22150%22%20height%3D%22150%22%20viewBox%3D%220%200%20150%20150%22%3E%3C%2Fsvg%3E\" loading=\"eager\"><\/span><span class=\"fg-image-overlay\"><\/span><\/a><figcaption class=\"fg-caption\"><div class=\"fg-caption-inner\"><\/div><\/figcaption><\/figure><div class=\"fg-loader\"><\/div><\/div><div class=\"fg-item fg-type-image fg-idle\"><figure class=\"fg-item-inner\"><a href=\"https:\/\/emlekpont.hu\/wp-content\/uploads\/2020\/02\/2019_1023_Tabla_03.jpg\" data-attachment-id=\"1853\" data-type=\"image\" class=\"fg-thumb\"><span class=\"fg-image-wrap\"><img decoding=\"async\" width=\"150\" height=\"150\" class=\"skip-lazy fg-image\" data-src-fg=\"https:\/\/emlekpont.hu\/wp-content\/uploads\/cache\/2020\/02\/2019_1023_Tabla_03\/1661040314.jpg\" src=\"data:image\/svg+xml,%3Csvg%20xmlns%3D%22http%3A%2F%2Fwww.w3.org%2F2000%2Fsvg%22%20width%3D%22150%22%20height%3D%22150%22%20viewBox%3D%220%200%20150%20150%22%3E%3C%2Fsvg%3E\" loading=\"eager\"><\/span><span class=\"fg-image-overlay\"><\/span><\/a><figcaption class=\"fg-caption\"><div class=\"fg-caption-inner\"><\/div><\/figcaption><\/figure><div class=\"fg-loader\"><\/div><\/div><div class=\"fg-item fg-type-image fg-idle\"><figure class=\"fg-item-inner\"><a href=\"https:\/\/emlekpont.hu\/wp-content\/uploads\/2020\/02\/2019_1023_Tabla_04.jpg\" data-attachment-id=\"1854\" data-type=\"image\" class=\"fg-thumb\"><span class=\"fg-image-wrap\"><img decoding=\"async\" width=\"150\" height=\"150\" class=\"skip-lazy fg-image\" data-src-fg=\"https:\/\/emlekpont.hu\/wp-content\/uploads\/cache\/2020\/02\/2019_1023_Tabla_04\/21299020.jpg\" src=\"data:image\/svg+xml,%3Csvg%20xmlns%3D%22http%3A%2F%2Fwww.w3.org%2F2000%2Fsvg%22%20width%3D%22150%22%20height%3D%22150%22%20viewBox%3D%220%200%20150%20150%22%3E%3C%2Fsvg%3E\" loading=\"eager\"><\/span><span class=\"fg-image-overlay\"><\/span><\/a><figcaption class=\"fg-caption\"><div class=\"fg-caption-inner\"><\/div><\/figcaption><\/figure><div class=\"fg-loader\"><\/div><\/div><div class=\"fg-item fg-type-image fg-idle\"><figure class=\"fg-item-inner\"><a href=\"https:\/\/emlekpont.hu\/wp-content\/uploads\/2020\/02\/2019_1023_Tabla_05.jpg\" data-attachment-id=\"1855\" data-type=\"image\" class=\"fg-thumb\"><span class=\"fg-image-wrap\"><img decoding=\"async\" width=\"150\" height=\"150\" class=\"skip-lazy fg-image\" data-src-fg=\"https:\/\/emlekpont.hu\/wp-content\/uploads\/cache\/2020\/02\/2019_1023_Tabla_05\/3631139115.jpg\" src=\"data:image\/svg+xml,%3Csvg%20xmlns%3D%22http%3A%2F%2Fwww.w3.org%2F2000%2Fsvg%22%20width%3D%22150%22%20height%3D%22150%22%20viewBox%3D%220%200%20150%20150%22%3E%3C%2Fsvg%3E\" loading=\"eager\"><\/span><span class=\"fg-image-overlay\"><\/span><\/a><figcaption class=\"fg-caption\"><div class=\"fg-caption-inner\"><\/div><\/figcaption><\/figure><div class=\"fg-loader\"><\/div><\/div><div class=\"fg-item fg-type-image fg-idle\"><figure class=\"fg-item-inner\"><a href=\"https:\/\/emlekpont.hu\/wp-content\/uploads\/2020\/02\/2019_1023_Tabla_06.jpg\" data-attachment-id=\"1856\" data-type=\"image\" class=\"fg-thumb\"><span class=\"fg-image-wrap\"><img decoding=\"async\" width=\"150\" height=\"150\" class=\"skip-lazy fg-image\" data-src-fg=\"https:\/\/emlekpont.hu\/wp-content\/uploads\/cache\/2020\/02\/2019_1023_Tabla_06\/1751225795.jpg\" src=\"data:image\/svg+xml,%3Csvg%20xmlns%3D%22http%3A%2F%2Fwww.w3.org%2F2000%2Fsvg%22%20width%3D%22150%22%20height%3D%22150%22%20viewBox%3D%220%200%20150%20150%22%3E%3C%2Fsvg%3E\" loading=\"eager\"><\/span><span class=\"fg-image-overlay\"><\/span><\/a><figcaption class=\"fg-caption\"><div class=\"fg-caption-inner\"><\/div><\/figcaption><\/figure><div class=\"fg-loader\"><\/div><\/div><\/div>\r\n\n","protected":false},"excerpt":{"rendered":"<p>A Szegedi Tudom\u00e1nyegyetem 56-os Eml\u00e9kbizotts\u00e1ga tagjai \u00fajraavatt\u00e1k Kov\u00e1ts J\u00f3zsef, az 1956-os forradalom \u00e9s szabads\u00e1gharc szegedi m\u00e1rt\u00edrja eml\u00e9kt\u00e1bl\u00e1j\u00e1t. Az esem\u00e9nyen r\u00e9szt vett Mikl\u00f3s P\u00e9ter, a h\u00f3dmez\u0151v\u00e1s\u00e1rhelyi Tornyai J\u00e1nos M\u00fazeum igazgat\u00f3ja is. A Szegedi Tudom\u00e1nyegyetem 56-os Eml\u00e9kbizotts\u00e1g\u00e1nak tagjai az okt\u00f3ber 23-i nemzeti \u00fcnnep napj\u00e1n \u00fajraavatt\u00e1k Kov\u00e1ts J\u00f3zsef (1926\u20131958), az 1956-os forradalom \u00e9s szabads\u00e1gharc szegedi m\u00e1rt\u00edrja eml\u00e9kt\u00e1bl\u00e1j\u00e1t a [&hellip;]<\/p>\n","protected":false},"author":5,"featured_media":1856,"comment_status":"closed","ping_status":"closed","sticky":false,"template":"","format":"standard","meta":{"footnotes":""},"categories":[8],"tags":[],"_links":{"self":[{"href":"https:\/\/emlekpont.hu\/index.php?rest_route=\/wp\/v2\/posts\/1857"}],"collection":[{"href":"https:\/\/emlekpont.hu\/index.php?rest_route=\/wp\/v2\/posts"}],"about":[{"href":"https:\/\/emlekpont.hu\/index.php?rest_route=\/wp\/v2\/types\/post"}],"author":[{"embeddable":true,"href":"https:\/\/emlekpont.hu\/index.php?rest_route=\/wp\/v2\/users\/5"}],"replies":[{"embeddable":true,"href":"https:\/\/emlekpont.hu\/index.php?rest_route=%2Fwp%2Fv2%2Fcomments&post=1857"}],"version-history":[{"count":1,"href":"https:\/\/emlekpont.hu\/index.php?rest_route=\/wp\/v2\/posts\/1857\/revisions"}],"predecessor-version":[{"id":1858,"href":"https:\/\/emlekpont.hu\/index.php?rest_route=\/wp\/v2\/posts\/1857\/revisions\/1858"}],"wp:featuredmedia":[{"embeddable":true,"href":"https:\/\/emlekpont.hu\/index.php?rest_route=\/wp\/v2\/media\/1856"}],"wp:attachment":[{"href":"https:\/\/emlekpont.hu\/index.php?rest_route=%2Fwp%2Fv2%2Fmedia&parent=1857"}],"wp:term":[{"taxonomy":"category","embeddable":true,"href":"https:\/\/emlekpont.hu\/index.php?rest_route=%2Fwp%2Fv2%2Fcategories&post=1857"},{"taxonomy":"post_tag","embeddable":true,"href":"https:\/\/emlekpont.hu\/index.php?rest_route=%2Fwp%2Fv2%2Ftags&post=1857"}],"curies":[{"name":"wp","href":"https:\/\/api.w.org\/{rel}","templated":true}]}}