{"id":1829,"date":"2019-10-30T10:12:00","date_gmt":"2019-10-30T10:12:00","guid":{"rendered":"http:\/\/emlekpont.hu\/?p=1829"},"modified":"2020-02-03T10:18:55","modified_gmt":"2020-02-03T10:18:55","slug":"vasarhelyen-csongradon-es-szentesen-is-vegigsoport-a-forradalom-1956-oktobereben","status":"publish","type":"post","link":"https:\/\/emlekpont.hu\/?p=1829","title":{"rendered":"V\u00e1s\u00e1rhelyen, Csongr\u00e1don \u00e9s Szentesen is v\u00e9gigs\u00f6p\u00f6rt a forradalom 1956 okt\u00f3ber\u00e9ben"},"content":{"rendered":"\n<p><strong>A D\u00e9lmagyarorsz\u00e1g 2019. okt\u00f3ber 29-i sz\u00e1m\u00e1ban, az 56-os forradalomr\u00f3l megjelent \u00f6ssze\u00e1ll\u00edt\u00e1sban a v\u00e1s\u00e1rhelyi, szentesi \u00e9s csongr\u00e1di esem\u00e9nyeket Nagy Gy\u00f6ngyi, a h\u00f3dmez\u0151v\u00e1s\u00e1rhelyi Eml\u00e9kpont t\u00f6rt\u00e9n\u00e9sze ismertette.<\/strong><\/p>\n\n\n\n<p>Az 1956-os forradalom szikr\u00e1ja Szegeden lobbant fel okt\u00f3ber\n16-\u00e1n, \u00e1m a megye t\u00f6bbi v\u00e1ros\u00e1n is hamar v\u00e9gigs\u00f6p\u00f6rtek a forradalmi gondolatok.\nH\u00f3dmez\u0151v\u00e1s\u00e1rhelyen, az orsz\u00e1gban els\u0151k\u00e9nt k\u00f6z\u00e9piskol\u00e1s di\u00e1kparlament alakult,\nCsongr\u00e1don Tisz\u00e1ba dobt\u00e1k a szovjet partiz\u00e1nl\u00e1ny szobr\u00e1t. Szentesen lovas\nnemzet\u0151rs\u00e9g alakult.<\/p>\n\n\n\n<p>A lakoss\u00e1g minden\u00fctt fontosnak tartotta, hogy a v\u00f6r\u00f6s\ncsillagokat, valamint a R\u00e1kosi-c\u00edmereket elt\u00e1vol\u00edts\u00e1k azokr\u00f3l az int\u00e9zm\u00e9nyekr\u0151l\nahol ezt k\u00f6telez\u0151 volt kitenni. Mindh\u00e1rom v\u00e1rosban egyform\u00e1n r\u00e9szt vett a\ndi\u00e1ks\u00e1g, a Nemzet\u0151rs\u00e9g mindh\u00e1rom v\u00e1rosban megalakult, a katonas\u00e1g mindenhol a\nforradalom mell\u00e9 \u00e1llt. Csongr\u00e1don, Szentesen \u00e9s H\u00f3dmez\u0151v\u00e1s\u00e1rhelyen is szerepet\nkapott a Kossuth-szobor. minden t\u00fcntet\u00e9s, felvonul\u00e1s a Kossuth-szobom\u00e1l\nkezd\u0151d\u00f6tt.<\/p>\n\n\n\n<p>A Magyar Egyetemist\u00e1k \u00e9s F\u0151iskol\u00e1sok Sz\u00f6vets\u00e9g\u00e9nek okt\u00f3ber\n16-i szegedi megalakul\u00e1s\u00e1n k\u00e9t v\u00e1s\u00e1rhelyi gimnazista, Csorna Lajos \u00e9s Zr\u00ednyi\nGy\u0151z\u0151 is jelen voltak. \u0150k hozt\u00e1k az els\u0151 h\u00edreket H\u00f3dmez\u0151v\u00e1s\u00e1rhelyre, amelynek\nhat\u00e1s\u00e1ra okt\u00f3ber 19-\u00e9n \u00f6sszeh\u00edvt\u00e1k a di\u00e1kparlamentet a Bethlen G\u00e1bor \u00c1ltal\u00e1nos\nGimn\u00e1ziumba. &#8211; Az orsz\u00e1gban els\u0151k\u00e9nt \u00fcl\u00e9sezett k\u00f6z\u00e9piskol\u00e1s di\u00e1kparlament, ezen\nk\u00f6r\u00fclbel\u00fcl 300 v\u00e1s\u00e1rhelyi gimnazista vett r\u00e9szt, akik t\u00f6bbek k\u00f6z\u00f6tt felemelt\u00e9k\na hangjukat az orosz nyelv tanul\u00e1sa ellen. Kifog\u00e1solt\u00e1k a koll\u00e9giumok\n\u00e1llapot\u00e1t, a sajt\u00f3szabads\u00e1g korl\u00e1toz\u00e1s\u00e1t \u00e9s a k\u00f6telez\u0151 ideol\u00f3giafoglalkoz\u00e1sokat\n&#8211; magyar\u00e1zta Nagy Gy\u00f6ngyi, a h\u00f3dmez\u0151v\u00e1s\u00e1rhelyi Eml\u00e9kpont t\u00f6rt\u00e9n\u00e9sze.<\/p>\n\n\n\n<p>A T\u0170ZOLT\u00d3S\u00c1G SEG\u00cdTETT A SZOBORD\u00d6NT\u00c9SBEN<\/p>\n\n\n\n<p>K\u00e9t iskola di\u00e1kjai vettek r\u00e9szt az esem\u00e9nyekben: a Bethlen\nG\u00e1bor \u00c1ltal\u00e1nos Gimn\u00e1zium \u00e9s a Le\u00e1nygimn\u00e1zium tanul\u00f3i, akik a forradalmi\nesem\u00e9nyekr\u0151l okt\u00f3ber 23-\u00e1n este a r\u00e1di\u00f3b\u00f3l \u00e9rtes\u00fcltek. A Cseresny\u00e9s\nKoll\u00e9giumban lak\u00f3 tanul\u00f3k 24-\u00e9n reggel bementek a gimn\u00e1ziumba, \u00e9s levert\u00e9k a\nR\u00e1kosi-c\u00edmereket. A le\u00e1nygimn\u00e1zium tanul\u00f3i m\u00e1snap, a saj\u00e1t p\u00e9nz\u00fck\u00f6n vettek\nkoszor\u00fat, amit a Kossuth-szoborhoz vittek. Ennek kapcs\u00e1n felmer\u00fclt a Bethlen\ngimnazist\u00e1iban, hogy \u0151k is szeretn\u00e9nek koszor\u00fazni, err\u0151l meggy\u0151zt\u00e9k Gy\u00e1ni Imre\nigazgat\u00f3t. &#8211; Ezen a napon, 26-\u00e1n indult az els\u0151 felvonul\u00e1s a v\u00e1rosban: a V\u00f6lgy\nutc\u00e1b\u00f3l a t\u00f6bb ezres t\u00f6meg a felszabadul\u00e1si eml\u00e9km\u0171h\u00f6z vonult, amit a\nv\u00e1s\u00e1rhelyiek Iv\u00e1n-szobornak h\u00edvtak. A szovjet katon\u00e1t \u00e1br\u00e1zol\u00f3 eml\u00e9km\u0171vet\nled\u00f6nt\u00f6tt\u00e9k, majd egy teheraut\u00f3 ut\u00e1n k\u00f6tve a Szt\u00e1lin utc\u00e1n kereszt\u00fcl &#8211; ma\nAndr\u00e1ssy \u00fat &#8211; eg\u00e9szen a mai Eml\u00e9kpontig, majd innen a laktany\u00e1ig vitt\u00e9k el &#8211;\nid\u00e9zte fel a t\u00f6rt\u00e9n\u00e9sz.<\/p>\n\n\n\n<p>Okt\u00f3ber 27-\u00e9n nagygy\u0171l\u00e9st tartottak a Hal t\u00e9ren: Gy\u00e1ni Imre\nigazgat\u00f3 15 pontos k\u00f6vetel\u00e9st olvasott fel, T\u00f6r\u00f6k Istv\u00e1n v\u00e1rosi p\u00e1rtbizotts\u00e1gi\neln\u00f6k ezt tudom\u00e1sul vette, \u00e9s \u00edg\u00e9retet tett arra, hogy p\u00e1r utcanevet\nmegv\u00e1ltoztatnak. &#8211; Ez a gy\u0171l\u00e9s az\u00e9rt volt fontos, mert a titkosszolg\u00e1lat\njelent\u00e9seket, f\u00e9nyk\u00e9peket k\u00e9sz\u00edtett ezekr\u0151l az esem\u00e9nyr\u0151l, amelyek megvannak az\nEml\u00e9kpontban. A fot\u00f3kon l\u00e1tszik, hogy t\u00f6bb ezres t\u00f6meg lehetett itt &#8211; emelte ki\nNagy Gy\u00f6ngyi. Okt\u00f3ber 28-\u00e1n Moldvay Gy\u0151z\u0151 szerkeszt\u00e9s\u00e9ben megjelent a\nV\u00e1s\u00e1rhelyi Nemzeti \u00dajs\u00e1g, amely a forradalom lapja lett a v\u00e1rosban. A\nH\u00f3dmez\u0151v\u00e1s\u00e1rhelyi Forradalmi Nemzeti Bizotts\u00e1g okt\u00f3ber 29-\u00e9n j\u00f6tt l\u00e9tre, eln\u00f6ke\na Bethlen igazgat\u00f3ja, Gy\u00e1ni Imre lett. Ugyanekkor d\u00f6nt\u00f6ttek a Nemzet\u0151rs\u00e9g\nmegszervez\u00e9s\u00e9r\u0151l is. T\u00f6bb visszaeml\u00e9kez\u0151 elmes\u00e9lte, sz\u00e1mukra \u00f3ri\u00e1si dolog volt,\nhogy nemzet\u0151r\u00f6k lehettek. November 5-\u00e9n kinyilv\u00e1n\u00edtott\u00e1k V\u00e1s\u00e1rhely semlegess\u00e9g\u00e9t,\nm\u00e1snap a szovjet alakulatok megsz\u00e1llj\u00e1k a laktany\u00e1t, 7-\u00e9n pedig az eg\u00e9sz\nv\u00e1rost.<\/p>\n\n\n\n<p>&#8211; V\u00e1s\u00e1rhelyen az utols\u00f3 t\u00fcntet\u00e9st december 10-re h\u00edvt\u00e1k\n\u00f6ssze, a gy\u00fclekez\u00e9s a K\u00e1lvin t\u00e9ren volt, ahol a gy\u00fclekez\u0151k k\u00f6z\u00f6tt vereked\u00e9s\nt\u00f6rt ki, t\u00e9vesen egy m\u00e9rleggy\u00e1ri munk\u00e1st, G\u00e1csi L\u00e1szl\u00f3t hib\u00e1ztattak, akit\ndulakod\u00e1s k\u00f6zben hasba l\u0151ttek szem\u00e9lyes ellent\u00e9tek miatt. \u0150 az egyetlen hal\u00e1los\n\u00e1ldozata a v\u00e1s\u00e1rhelyi esem\u00e9nyeknek. Ekkor sort\u0171z is volt: eld\u00f6rd\u00fclt egy\nriaszt\u00f3l\u00f6v\u00e9s, ami sort\u0171znek min\u0151s\u00edthet\u0151 &#8211; r\u00e9szletezte a forradalom v\u00e1s\u00e1rhelyi\nesem\u00e9nyeit az Eml\u00e9kpont munkat\u00e1rsa.<\/p>\n\n\n\n<p>EZREK SZENTESEN IS<\/p>\n\n\n\n<p>A szentesi di\u00e1ks\u00e1g m\u00e1r 1956 kora \u0151sz\u00e9n elkezdett\nszervezkedni, okt\u00f3ber 22-\u00e9n di\u00e1kparlamentet tartottak, ahol ugyanazokat a\nk\u00f6vetel\u00e9seket fogalmazt\u00e1k meg, mint m\u00e1shol. A t\u00e9nyleges esem\u00e9nyek okt\u00f3ber 25-\u00e9n\nkezd\u0151dtek el, amikor t\u00f6bb ezres t\u00f6meg vonult ki az utc\u00e1ra, hogy \u00f6sszeszedj\u00e9k a\nv\u00f6r\u00f6s csillagokat \u00e9s led\u00f6nts\u00e9k a szovjet eml\u00e9km\u0171vet. Itt sem ment ez k\u00f6nnyen,\nv\u00e9g\u00fcl T\u00f6r\u00f6k L\u00e1szl\u00f3, a j\u00e1r\u00e1si p\u00e1rtbizotts\u00e1g titk\u00e1ra adott utas\u00edt\u00e1st a szobor\nled\u00f6nt\u00e9s\u00e9re. Okt\u00f3ber 27-\u00e9n megalakult a Szentesi Forradalmi Nemzeti Bizotts\u00e1g,\namelynek eln\u00f6ke Hering B\u00e9la fiatal tan\u00e1r lett. Egy nappal k\u00e9s\u0151bb itt is\nmegszervezt\u00e9k a Nemzet\u0151rs\u00e9get. K\u00fcl\u00f6nlegess\u00e9g, hogy l\u00e9tezett Szentesen egy lovas\nnemzet\u0151rs\u00e9g is. &#8211; Az lett volna a feladatuk, hogy felvegy\u00e9k az ellen\u00e1ll\u00e1st a\nszovjetekkel, \u00e1m bel\u00e1tt\u00e1k, hogy alulmaradn\u00e1nak a t\u00faler\u0151vel szemben. Itt hal\u00e1los\n\u00e1ldozatr\u00f3l nem tudunk, a megtorl\u00e1s a nemzet\u0151r\u00f6ket \u00e9s a forradalmi bizotts\u00e1g\ntagjait \u00e9rintette: b\u00f6rt\u00f6nb\u00fcntet\u00e9st kaptak \u00e9s intern\u00e1lt\u00e1k \u0151ket &#8211; tudatta a\nt\u00f6rt\u00e9n\u00e9sz.<\/p>\n\n\n\n<p>Csongr\u00e1don okt\u00f3ber 26-\u00e1n kezd\u0151dtek a forradalmi esem\u00e9nyek:\naz ifj\u00fas\u00e1g a Kossuth-szoborhoz vonult, ott el\u00e9nekelt\u00e9k a Himnuszt \u00e9s a Nemzeti\ndalt. Majd a k\u00f6zelben l\u00e9v\u0151 Z\u00f3ja-szobom\u00e1l l\u00e9v\u0151 koszor\u00fakat \u00e1ttett\u00e9k a\nKossuth-szoborhoz. &#8211; Z\u00f3ja egy szovjet partiz\u00e1nl\u00e1ny volt, akinek m\u00e1r t\u00f6bb \u00e9ve\nitt \u00e1llt a szobra, ennek a nyak\u00e1ra a csongr\u00e1diak k\u00f6telet k\u00f6t\u00f6ttek, \u00e9s a szobrot\na Tisz\u00e1ba dobt\u00e1k. Ezut\u00e1n a v\u00e1rosi p\u00e1rtbizotts\u00e1g sz\u00e9kh\u00e1z\u00e1ba vonult a t\u00f6meg, ahol\nlevert\u00e9k a v\u00f6r\u00f6s csillagot, majd behatoltak az \u00e9p\u00fcletbe \u00e9s el\u00e9gett\u00e9k a\npap\u00edrokat. M\u00e9g aznap este megkerest\u00e9k a felvonul\u00f3k \u00e9s megvert\u00e9k az ad\u00f3hivatal\nvezet\u0151j\u00e9t &#8211; fogalmazott Nagy Gy\u00f6ngyi Megtudtuk t\u0151le, hogy okt\u00f3ber 27-\u00e9n itt is\nt\u00f6rt\u00e9nt trag\u00e9dia. Gyurk\u00f3 Lajos vez\u00e9r\u0151rnagy a Kecskem\u00e9ten \u00e1llom\u00e1soz\u00f3 harmadik\nmagyar hadtest parancsnoka volt, aki arr\u00f3l h\u00edres\u00fclt el, hogy\nvad\u00e1szrep\u00fcl\u0151g\u00e9pekkel int\u00e9zett sort\u00fczet a magyar v\u00e1rosok lakoss\u00e1ga ellen. &#8211;\nKiadta a parancsot, hogy a csongr\u00e1di felvonul\u00f3kra l\u0151jenek r\u00e1, Istenes Elem\u00e9r\npil\u00f3ta azonban megtagadta ezt, viszont t\u00f6megoszlat\u00e1s gyan\u00e1nt egy man\u0151verbe\nkezdett, \u00e1m m\u0171szaki hiba miatt a rep\u00fcl\u0151 lezuhant, \u00e9s a pil\u00f3ta sz\u00f6rnyethalt &#8211;\nmagyar\u00e1zta. M\u00e9g egy hal\u00e1los \u00e1ldozat volt Csongr\u00e1don: november 4-\u00e9n a hetvenes\n\u00e9veiben j\u00e1r\u00f3 Gresko-vics J\u00f3zsef, egykori nagygazda -tiszt\u00e1zatlan k\u00f6r\u00fclm\u00e9nyek\nk\u00f6z\u00f6tt &#8211; hasl\u00f6v\u00e9st kapott.<\/p>\n\n\n\n<p>V\u00c1S\u00c1RHELYI MEGTORL\u00c1SOK<\/p>\n\n\n\n<p>A h\u00e1rom v\u00e1ros tekintet\u00e9ben H\u00f3dmez\u0151v\u00e1s\u00e1rhelyen volt a\nlegnagyobb m\u00e9rt\u00e9k\u0171 a megtorl\u00e1s: ez a di\u00e1kokat, tan\u00e1rokat, nemzet\u0151r\u00f6ket,\nmunk\u00e1sokat \u00e9rintette. A di\u00e1kokat nem engedt\u00e9k egyetemre, nem tanulhattak\ntov\u00e1bb, a tan\u00e1rok csak vid\u00e9ken kaptak \u00e1ll\u00e1st, \u00f6t pedag\u00f3gust le is tart\u00f3ztattak,\nt\u00f6bbhetes rend\u0151rs\u00e9gi \u0151rizetben is voltak. A legs\u00falyosabb \u00edt\u00e9letet Gy\u00e1ni Imre\nkapta, aki a hat \u00e9vb\u0151l v\u00e9g\u00fcl h\u00e1rmat t\u00f6lt\u00f6tt le.<\/p>\n\n\n\n<p>HAJ\u00d3 EDINA<\/p>\n\n\n\n<figure class=\"wp-block-image size-large\"><img fetchpriority=\"high\" decoding=\"async\" width=\"723\" height=\"1024\" src=\"http:\/\/emlekpont.hu\/wp-content\/uploads\/2020\/02\/2019_1029_D\u00e9lmagyar_2_-723x1024.jpg\" alt=\"\" class=\"wp-image-1830\" srcset=\"https:\/\/emlekpont.hu\/wp-content\/uploads\/2020\/02\/2019_1029_D\u00e9lmagyar_2_-723x1024.jpg 723w, https:\/\/emlekpont.hu\/wp-content\/uploads\/2020\/02\/2019_1029_D\u00e9lmagyar_2_-212x300.jpg 212w, https:\/\/emlekpont.hu\/wp-content\/uploads\/2020\/02\/2019_1029_D\u00e9lmagyar_2_-768x1088.jpg 768w, https:\/\/emlekpont.hu\/wp-content\/uploads\/2020\/02\/2019_1029_D\u00e9lmagyar_2_-1084x1536.jpg 1084w, https:\/\/emlekpont.hu\/wp-content\/uploads\/2020\/02\/2019_1029_D\u00e9lmagyar_2_-830x1176.jpg 830w, https:\/\/emlekpont.hu\/wp-content\/uploads\/2020\/02\/2019_1029_D\u00e9lmagyar_2_-230x326.jpg 230w, https:\/\/emlekpont.hu\/wp-content\/uploads\/2020\/02\/2019_1029_D\u00e9lmagyar_2_-350x496.jpg 350w, https:\/\/emlekpont.hu\/wp-content\/uploads\/2020\/02\/2019_1029_D\u00e9lmagyar_2_-480x680.jpg 480w, https:\/\/emlekpont.hu\/wp-content\/uploads\/2020\/02\/2019_1029_D\u00e9lmagyar_2_.jpg 1200w\" sizes=\"(max-width: 723px) 100vw, 723px\" \/><\/figure>\n","protected":false},"excerpt":{"rendered":"<p>A D\u00e9lmagyarorsz\u00e1g 2019. okt\u00f3ber 29-i sz\u00e1m\u00e1ban, az 56-os forradalomr\u00f3l megjelent \u00f6ssze\u00e1ll\u00edt\u00e1sban a v\u00e1s\u00e1rhelyi, szentesi \u00e9s csongr\u00e1di esem\u00e9nyeket Nagy Gy\u00f6ngyi, a h\u00f3dmez\u0151v\u00e1s\u00e1rhelyi Eml\u00e9kpont t\u00f6rt\u00e9n\u00e9sze ismertette. Az 1956-os forradalom szikr\u00e1ja Szegeden lobbant fel okt\u00f3ber 16-\u00e1n, \u00e1m a megye t\u00f6bbi v\u00e1ros\u00e1n is hamar v\u00e9gigs\u00f6p\u00f6rtek a forradalmi gondolatok. H\u00f3dmez\u0151v\u00e1s\u00e1rhelyen, az orsz\u00e1gban els\u0151k\u00e9nt k\u00f6z\u00e9piskol\u00e1s di\u00e1kparlament alakult, Csongr\u00e1don Tisz\u00e1ba dobt\u00e1k a [&hellip;]<\/p>\n","protected":false},"author":5,"featured_media":1830,"comment_status":"closed","ping_status":"closed","sticky":false,"template":"","format":"standard","meta":{"footnotes":""},"categories":[8],"tags":[],"_links":{"self":[{"href":"https:\/\/emlekpont.hu\/index.php?rest_route=\/wp\/v2\/posts\/1829"}],"collection":[{"href":"https:\/\/emlekpont.hu\/index.php?rest_route=\/wp\/v2\/posts"}],"about":[{"href":"https:\/\/emlekpont.hu\/index.php?rest_route=\/wp\/v2\/types\/post"}],"author":[{"embeddable":true,"href":"https:\/\/emlekpont.hu\/index.php?rest_route=\/wp\/v2\/users\/5"}],"replies":[{"embeddable":true,"href":"https:\/\/emlekpont.hu\/index.php?rest_route=%2Fwp%2Fv2%2Fcomments&post=1829"}],"version-history":[{"count":1,"href":"https:\/\/emlekpont.hu\/index.php?rest_route=\/wp\/v2\/posts\/1829\/revisions"}],"predecessor-version":[{"id":1831,"href":"https:\/\/emlekpont.hu\/index.php?rest_route=\/wp\/v2\/posts\/1829\/revisions\/1831"}],"wp:featuredmedia":[{"embeddable":true,"href":"https:\/\/emlekpont.hu\/index.php?rest_route=\/wp\/v2\/media\/1830"}],"wp:attachment":[{"href":"https:\/\/emlekpont.hu\/index.php?rest_route=%2Fwp%2Fv2%2Fmedia&parent=1829"}],"wp:term":[{"taxonomy":"category","embeddable":true,"href":"https:\/\/emlekpont.hu\/index.php?rest_route=%2Fwp%2Fv2%2Fcategories&post=1829"},{"taxonomy":"post_tag","embeddable":true,"href":"https:\/\/emlekpont.hu\/index.php?rest_route=%2Fwp%2Fv2%2Ftags&post=1829"}],"curies":[{"name":"wp","href":"https:\/\/api.w.org\/{rel}","templated":true}]}}