{"id":1826,"date":"2019-10-31T09:35:00","date_gmt":"2019-10-31T09:35:00","guid":{"rendered":"http:\/\/emlekpont.hu\/?p=1826"},"modified":"2020-02-05T10:17:27","modified_gmt":"2020-02-05T10:17:27","slug":"az-internalotaborbol-a-zoldhatarig-putnik-tivadar-az-56-os-forradalomban","status":"publish","type":"post","link":"https:\/\/emlekpont.hu\/?p=1826","title":{"rendered":"Az intern\u00e1l\u00f3t\u00e1borb\u00f3l a z\u00f6ldhat\u00e1rig.  Putnik Tivadar az 56-os forradalomban"},"content":{"rendered":"\n<p><strong>A Dr. Mikl\u00f3s P\u00e9terrel, a Tornyai J\u00e1nos M\u00fazeum igazgat\u00f3j\u00e1val, az Eml\u00e9kpont int\u00e9zm\u00e9nyvezet\u0151j\u00e9vel k\u00e9sz\u00fclt besz\u00e9lget\u00e9s a D\u00e9lmagyarorsz\u00e1g 2019. okt\u00f3ber 31-i sz\u00e1m\u00e1ban jelent meg.<\/strong><\/p>\n\n\n\n<p>Az \u00fajszentiv\u00e1ni sz\u00fcle\u00adt\u00e9s\u0171 Putnik Tivadar\na szegedi egyetemist\u00e1k gy\u0171l\u00e9s\u00e9n els\u0151k\u00e9nt k\u00f6\u00advetelte a szovjet csa\u00adpatok\nt\u00e1voz\u00e1s\u00e1t 1956 okt\u00f3ber\u00e9ben, majd a forradalom buk\u00e1sa ut\u00e1n a z\u00f6ldhat\u00e1ron \u00e1t\nkellett elmenek\u00fclnie az orsz\u00e1gb\u00f3l. \u00d6tvenhatos tev\u00e9kenys\u00e9g\u00e9t Mikl\u00f3s P\u00e9ter\nt\u00f6rt\u00e9n\u00e9sz ismertette lapunkkal.<\/p>\n\n\n\n<p>Az 1956-os forradalom \u00e9s sza\u00adbads\u00e1gharc\nel\u0151k\u00e9sz\u00edt\u00e9s\u00e9ben nagy szerep\u00fck volt a fiatalok\u00adnak. K\u00f6z\u00fcl\u00fck is kiemelkedett a\nszegedi egyetem hallgat\u00f3inak k\u00f6re, akik 1956. okt\u00f3ber 16-\u00e1n tartott\ndi\u00e1kgy\u0171l\u00e9s\u00fck\u00f6n d\u00f6nt\u00f6t\u00adtek az els\u0151 \u201eforradalmi szerve\u00adzet\u201d, a Magyar\nEgyetemist\u00e1k \u00e9s F\u0151iskol\u00e1sok Sz\u00f6vets\u00e9ge (MEFESZ) l\u00e9trehoz\u00e1s\u00e1r\u00f3l. &#8211; A MEFESZ\nszegedi l\u00e9trej\u00f6tt\u00e9nek fontos alakja Putnik Tivadar, hiszen a szervezet gy\u0171l\u00e9s\u00e9n\n\u0151 volt az, aki els\u0151k\u00e9nt k\u00f6vetelte a szovjet\ncsapatok t\u00e1voz\u00e1s\u00e1t &#8211; mondta Mikl\u00f3s P\u00e9ter, a sze\u00adgedi egyetem pedag\u00f3gusk\u00e9pz\u0151\nkar\u00e1nak docense, a h\u00f3dmez\u0151\u00adv\u00e1s\u00e1rhelyi Tornyai J\u00e1nos M\u00fa\u00adzeum igazgat\u00f3ja.<\/p>\n\n\n\n<p>A t\u00f6rt\u00e9n\u00e9sz k\u00e9t \u00e9vvel ezel\u0151tt <em>R\u00e9szt vettem a szabads\u00e1gharc\nmegmozdul\u00e1saiban<\/em> c\u00edmmel \u00edrt k\u00f6nyvet az egykori \u00f6tvenhatosr\u00f3l. Megtudtuk t\u0151le,\nhogy Put\u00adnik Tivadar 1929-ben sz\u00fcletett \u00dajszentiv\u00e1non szerb nemzeti\u00ads\u00e9g\u0171\ncsal\u00e1dban. 1949 novembe\u00adr\u00e9ben a szegedi egyetem orosz nyelv \u00e9s irodalom szak\u00e1ra\niratkozott be. Azon\u00adban mind\u00f6ssze k\u00e9t f\u00e9l\u00e9vet tanulha\u00adtott, 1950 j\u00faniu\u00ads\u00e1ban\nugyanis csal\u00e1dj\u00e1val egy\u00fctt kitele\u00adp\u00edtett\u00e9k. Mint \u201ekul\u00e1kokat\u201d a Szolnok megyei\nTiszaszentimr\u00e9re intern\u00e1lt\u00e1k \u0151ket, ahonnan csak 1953-ban t\u00e9r\u00adhettek vissza.\n1952-ben az inter\u00adn\u00e1l\u00f3t\u00e1borban megn\u0151s\u00fclt, majd Szegedre k\u00f6lt\u00f6z\u00f6tt, s miut\u00e1n\nt\u00f6bb \u00e9vig fizikai munk\u00e1s\u00adk\u00e9nt dolgozott, 1956 \u0151sz\u00e9n ism\u00e9t beiratkozott az\negyetemre. \u2013<\/p>\n\n\n\n<p>&#8211; A forra\u00addalom buk\u00e1sa ut\u00e1n Putnik Tivadar\na meg\u00adtorl\u00e1st\u00f3l tartva eg\u00e9sz csal\u00e1dj\u00e1\u00adval egy\u00fctt elhagyta Magyarorsz\u00e1got, \u00e9s\nilleg\u00e1li\u00adsan Jugoszl\u00e1vi\u00e1ba k\u00f6lt\u00f6z\u00f6tt 1957 m\u00e1rcius\u00e1ban. \u00c9desapj\u00e1val, fele\u00ads\u00e9g\u00e9vel\n\u00e9s gyermekeivel egy\u00fctt kocsira pakoltak \u00dajszentiv\u00e1non, s krumplivet\u00e9sre\nhivatkozva megk\u00f6zel\u00edtett\u00e9k az \u00e1llamha\u00adt\u00e1rt, majd azt \u00e1tl\u00e9pve elhagy\u00adt\u00e1k az\norsz\u00e1got &#8211; r\u00e9szletezte az emigr\u00e1l\u00e1s k\u00f6r\u00fclm\u00e9nyeit a t\u00f6rt\u00e9\u00adn\u00e9sz. Putnik Tivadar\nmeg\u00e9lte a k\u00f6z\u00e9p- \u00e9s kelet-eur\u00f3pai diktat\u00fa\u00adr\u00e1k buk\u00e1s\u00e1t. 1998-ban hunyt el. A\nkommunista Magyarorsz\u00e1g \u00e1llambiztons\u00e1gi szervei 1957-t\u0151l eg\u00e9szen 1973-ig\ngy\u0171jt\u00f6tt\u00e9k az inform\u00e1ci\u00f3kat r\u00f3la. Abban a tizenhat \u00e9vben, amikor nem is \u00e9lt\nMagyarorsz\u00e1gon &#8211; tette hozz\u00e1 Mikl\u00f3s P\u00e9ter.<\/p>\n\n\n\n<p>HAJ\u00d3 EDINA<\/p>\n\n\n\n<p>D\u00e9lmagyarorsz\u00e1g<\/p>\n\n\n\n<figure class=\"wp-block-image size-large\"><img fetchpriority=\"high\" decoding=\"async\" width=\"1024\" height=\"768\" src=\"http:\/\/emlekpont.hu\/wp-content\/uploads\/2020\/02\/2019_1031_Putnik-Tivadar-DM_-1024x768.jpg\" alt=\"\" class=\"wp-image-1827\" srcset=\"https:\/\/emlekpont.hu\/wp-content\/uploads\/2020\/02\/2019_1031_Putnik-Tivadar-DM_-1024x768.jpg 1024w, https:\/\/emlekpont.hu\/wp-content\/uploads\/2020\/02\/2019_1031_Putnik-Tivadar-DM_-300x225.jpg 300w, https:\/\/emlekpont.hu\/wp-content\/uploads\/2020\/02\/2019_1031_Putnik-Tivadar-DM_-768x576.jpg 768w, https:\/\/emlekpont.hu\/wp-content\/uploads\/2020\/02\/2019_1031_Putnik-Tivadar-DM_-830x623.jpg 830w, https:\/\/emlekpont.hu\/wp-content\/uploads\/2020\/02\/2019_1031_Putnik-Tivadar-DM_-230x173.jpg 230w, https:\/\/emlekpont.hu\/wp-content\/uploads\/2020\/02\/2019_1031_Putnik-Tivadar-DM_-350x263.jpg 350w, https:\/\/emlekpont.hu\/wp-content\/uploads\/2020\/02\/2019_1031_Putnik-Tivadar-DM_-480x360.jpg 480w, https:\/\/emlekpont.hu\/wp-content\/uploads\/2020\/02\/2019_1031_Putnik-Tivadar-DM_.jpg 1200w\" sizes=\"(max-width: 1024px) 100vw, 1024px\" \/><\/figure>\n","protected":false},"excerpt":{"rendered":"<p>A Dr. Mikl\u00f3s P\u00e9terrel, a Tornyai J\u00e1nos M\u00fazeum igazgat\u00f3j\u00e1val, az Eml\u00e9kpont int\u00e9zm\u00e9nyvezet\u0151j\u00e9vel k\u00e9sz\u00fclt besz\u00e9lget\u00e9s a D\u00e9lmagyarorsz\u00e1g 2019. okt\u00f3ber 31-i sz\u00e1m\u00e1ban jelent meg. Az \u00fajszentiv\u00e1ni sz\u00fcle\u00adt\u00e9s\u0171 Putnik Tivadar a szegedi egyetemist\u00e1k gy\u0171l\u00e9s\u00e9n els\u0151k\u00e9nt k\u00f6\u00advetelte a szovjet csa\u00adpatok t\u00e1voz\u00e1s\u00e1t 1956 okt\u00f3ber\u00e9ben, majd a forradalom buk\u00e1sa ut\u00e1n a z\u00f6ldhat\u00e1ron \u00e1t kellett elmenek\u00fclnie az orsz\u00e1gb\u00f3l. \u00d6tvenhatos tev\u00e9kenys\u00e9g\u00e9t Mikl\u00f3s P\u00e9ter [&hellip;]<\/p>\n","protected":false},"author":5,"featured_media":1827,"comment_status":"closed","ping_status":"closed","sticky":false,"template":"","format":"standard","meta":{"footnotes":""},"categories":[8],"tags":[],"_links":{"self":[{"href":"https:\/\/emlekpont.hu\/index.php?rest_route=\/wp\/v2\/posts\/1826"}],"collection":[{"href":"https:\/\/emlekpont.hu\/index.php?rest_route=\/wp\/v2\/posts"}],"about":[{"href":"https:\/\/emlekpont.hu\/index.php?rest_route=\/wp\/v2\/types\/post"}],"author":[{"embeddable":true,"href":"https:\/\/emlekpont.hu\/index.php?rest_route=\/wp\/v2\/users\/5"}],"replies":[{"embeddable":true,"href":"https:\/\/emlekpont.hu\/index.php?rest_route=%2Fwp%2Fv2%2Fcomments&post=1826"}],"version-history":[{"count":1,"href":"https:\/\/emlekpont.hu\/index.php?rest_route=\/wp\/v2\/posts\/1826\/revisions"}],"predecessor-version":[{"id":1828,"href":"https:\/\/emlekpont.hu\/index.php?rest_route=\/wp\/v2\/posts\/1826\/revisions\/1828"}],"wp:featuredmedia":[{"embeddable":true,"href":"https:\/\/emlekpont.hu\/index.php?rest_route=\/wp\/v2\/media\/1827"}],"wp:attachment":[{"href":"https:\/\/emlekpont.hu\/index.php?rest_route=%2Fwp%2Fv2%2Fmedia&parent=1826"}],"wp:term":[{"taxonomy":"category","embeddable":true,"href":"https:\/\/emlekpont.hu\/index.php?rest_route=%2Fwp%2Fv2%2Fcategories&post=1826"},{"taxonomy":"post_tag","embeddable":true,"href":"https:\/\/emlekpont.hu\/index.php?rest_route=%2Fwp%2Fv2%2Ftags&post=1826"}],"curies":[{"name":"wp","href":"https:\/\/api.w.org\/{rel}","templated":true}]}}