{"id":17550,"date":"2026-09-01T02:54:47","date_gmt":"2026-09-01T02:54:47","guid":{"rendered":"https:\/\/emlekpont.hu\/?p=17550"},"modified":"2026-09-01T03:00:53","modified_gmt":"2026-09-01T03:00:53","slug":"a-czirbusz-piroska-kozalapitvany-2026-evi-palyazati-felhivasa","status":"publish","type":"post","link":"https:\/\/emlekpont.hu\/?p=17550","title":{"rendered":"A Czirbusz Piroska K\u00f6zalap\u00edtv\u00e1ny 2026. \u00e9vi p\u00e1ly\u00e1zati felh\u00edv\u00e1sa"},"content":{"rendered":"\n<p>A Czirbusz Piroska Eml\u00e9k\u00e9re a H\u00f3dmez\u0151v\u00e1s\u00e1rhelyi M\u0171v\u00e9szetek\u00e9rt K\u00f6zalap\u00edtv\u00e1nyp\u00e1ly\u00e1zatot hirdet h\u00f3dmez\u0151v\u00e1s\u00e1rhelyi vagy ahhoz k\u00f6t\u0151d\u0151 szerz\u0151(k) irodalmi, m\u0171v\u00e9szeti,tudom\u00e1nyos m\u0171ve kiad\u00e1s\u00e1nak t\u00e1mogat\u00e1s\u00e1ra, illetve h\u00f3dmez\u0151v\u00e1s\u00e1rhelyi vagy ahhoz k\u00f6t\u0151d\u0151 alkot\u00f3k zenei, k\u00e9pz\u0151m\u0171v\u00e9szeti, t\u00e1ncm\u0171v\u00e9szeti, sz\u00ednh\u00e1zi, filmm\u0171v\u00e9szeti tev\u00e9kenys\u00e9g\u00e9nek t\u00e1mogat\u00e1s\u00e1ra.<\/p>\n\n\n\n<p>T\u00e1mogat\u00e1si keret\u00f6sszeg: 750.000,- Ft<\/p>\n\n\n\n<p>P\u00e1ly\u00e1zat beny\u00fajt\u00e1si hat\u00e1rideje: 2026. okt\u00f3ber 31.<\/p>\n\n\n\n<p>A p\u00e1ly\u00e1zatokat egy p\u00e9ld\u00e1nyban a K\u00f6zalap\u00edtv\u00e1ny nev\u00e9re egy p\u00e9ld\u00e1nyban elektronikus form\u00e1ban kell beny\u00fajtani a Polg\u00e1rmesteri Hivatal Jogi Csoportj\u00e1nak.<\/p>\n\n\n\n<p>C\u00edm: H\u00f3dmez\u0151v\u00e1s\u00e1rhely Megyei Jog\u00fa V\u00e1ros Polg\u00e1rmesteri Hivatala,<br>6800 H\u00f3dmez\u0151v\u00e1s\u00e1rhely, Pf. 23., Kossuth t\u00e9r 1.<br>E-mail:\u00a0<a href=\"mailto:szecsenyi.tamas@hodmezovasarhely.hu\">szecsenyi.tamas@hodmezovasarhely.hu<\/a><br>Telefon: +36 62 530 132<\/p>\n\n\n\n<p><strong>Let\u00f6lthet\u0151 p\u00e1ly\u00e1zati felh\u00edv\u00e1s:\u00a0<\/strong><a href=\"https:\/\/hodmezovasarhely.hu\/wp-content\/uploads\/2026\/08\/Czirbusz_Piroska_Kozalapitvany_palyazati_felhivas-_2026.pdf\">https:\/\/hodmezovasarhely.hu\/wp-content\/uploads\/2026\/08\/Czirbusz_Piroska_Kozalapitvany_palyazati_felhivas-_2026.pdf<\/a><\/p>\n","protected":false},"excerpt":{"rendered":"<p>Beny\u00fajt\u00e1si hat\u00e1rid\u0151: 2024. okt\u00f3ber 31.<\/p>\n","protected":false},"author":5,"featured_media":17398,"comment_status":"closed","ping_status":"closed","sticky":false,"template":"","format":"standard","meta":{"footnotes":""},"categories":[8],"tags":[],"_links":{"self":[{"href":"https:\/\/emlekpont.hu\/index.php?rest_route=\/wp\/v2\/posts\/17550"}],"collection":[{"href":"https:\/\/emlekpont.hu\/index.php?rest_route=\/wp\/v2\/posts"}],"about":[{"href":"https:\/\/emlekpont.hu\/index.php?rest_route=\/wp\/v2\/types\/post"}],"author":[{"embeddable":true,"href":"https:\/\/emlekpont.hu\/index.php?rest_route=\/wp\/v2\/users\/5"}],"replies":[{"embeddable":true,"href":"https:\/\/emlekpont.hu\/index.php?rest_route=%2Fwp%2Fv2%2Fcomments&post=17550"}],"version-history":[{"count":1,"href":"https:\/\/emlekpont.hu\/index.php?rest_route=\/wp\/v2\/posts\/17550\/revisions"}],"predecessor-version":[{"id":17551,"href":"https:\/\/emlekpont.hu\/index.php?rest_route=\/wp\/v2\/posts\/17550\/revisions\/17551"}],"wp:featuredmedia":[{"embeddable":true,"href":"https:\/\/emlekpont.hu\/index.php?rest_route=\/wp\/v2\/media\/17398"}],"wp:attachment":[{"href":"https:\/\/emlekpont.hu\/index.php?rest_route=%2Fwp%2Fv2%2Fmedia&parent=17550"}],"wp:term":[{"taxonomy":"category","embeddable":true,"href":"https:\/\/emlekpont.hu\/index.php?rest_route=%2Fwp%2Fv2%2Fcategories&post=17550"},{"taxonomy":"post_tag","embeddable":true,"href":"https:\/\/emlekpont.hu\/index.php?rest_route=%2Fwp%2Fv2%2Ftags&post=17550"}],"curies":[{"name":"wp","href":"https:\/\/api.w.org\/{rel}","templated":true}]}}