{"id":1741,"date":"2019-12-12T08:15:00","date_gmt":"2019-12-12T08:15:00","guid":{"rendered":"http:\/\/emlekpont.hu\/?p=1741"},"modified":"2020-02-03T08:17:04","modified_gmt":"2020-02-03T08:17:04","slug":"az-emlekpont-torteneszei-a-szegedi-muzeum-konferenciajan","status":"publish","type":"post","link":"https:\/\/emlekpont.hu\/?p=1741","title":{"rendered":"Az Eml\u00e9kpont t\u00f6rt\u00e9n\u00e9szei a szegedi m\u00fazeum konferenci\u00e1j\u00e1n"},"content":{"rendered":"\n<p><strong>A szegedi M\u00f3ra Ferenc\nM\u00fazeum december 9. \u00e9s 11.\nk\u00f6z\u00f6tt rendezte meg M\u00fazeumi Kutat\u00e1sok Csongr\u00e1d Megy\u00e9ben (MUKUCSOM) c\u00edm\u0171\nkonferenci\u00e1j\u00e1t a Fekete h\u00e1zban, ahol leg\u00fajabb kutat\u00e1si\neredm\u00e9nyeir\u0151l a h\u00f3dmez\u0151v\u00e1s\u00e1rhelyi Eml\u00e9kpont k\u00e9t t\u00f6rt\u00e9n\u00e9sze, Nagy Gy\u00f6ngyi \u00e9s\nVincze G\u00e1bor is besz\u00e1molt.<\/strong><\/p>\n\n\n\n<p>Nagy\nGy\u00f6ngyi el\u0151ad\u00e1s\u00e1ban a h\u00f3dmez\u0151v\u00e1s\u00e1rhelyi K\u00f6ves csal\u00e1d 1945-\u00f6s meghurcol\u00e1s\u00e1r\u00f3l\nbesz\u00e9lt, akik 1944 \u0151sz\u00e9n, m\u00e9g a szovjet megsz\u00e1ll\u00e1s el\u0151tti napokban\ngyermekeikkel egy\u00fctt hagyt\u00e1k el H\u00f3dmez\u0151v\u00e1s\u00e1rhelyt. Ezt megel\u0151z\u0151en Dr. K\u00f6ves\nMih\u00e1ly, aki a K\u00f6zell\u00e1t\u00e1si Hivatalt vezette, a V\u00f6r\u00f6s Hadsereg k\u00f6zeledt\u00e9nek\nh\u00edr\u00e9re megnyitotta a k\u00f6zrakt\u00e1rakat a helyiek el\u0151tt, hogy az \u00e9lelmiszertartal\u00e9k\nne ker\u00fclj\u00f6n a szovjetek kez\u00e9re. <\/p>\n\n\n\n<p>Amikor\nK\u00f6ves\u00e9k 1945. j\u00fanius elej\u00e9n visszat\u00e9rtek V\u00e1s\u00e1rhelyre, lak\u00e1sukat \u00fcresen tal\u00e1lt\u00e1k,\ns megtudt\u00e1k, hogy K\u00f6vesn\u00e9 hozom\u00e1nyk\u00e9nt kapott, asztalosmesterrel k\u00e9sz\u00edttetett,\negyedi monogrammal ell\u00e1tott h\u00e1l\u00f3szoba- \u00e9s eb\u00e9dl\u0151b\u00fator\u00e1t a kommunista\np\u00e1rttitk\u00e1r, Ol\u00e1h Mih\u00e1ly csal\u00e1dj\u00e1nak utalt\u00e1k ki. Az asszony megpr\u00f3b\u00e1lta\nvisszaszerezni a b\u00fatorokat, \u00e1m szembe tal\u00e1lta mag\u00e1t a hatalom kiz\u00e1r\u00f3lagos birtokl\u00e1s\u00e1ra\nt\u00f6rekv\u0151 kommunist\u00e1kkal, \u00e1ll\u00edt\u00f3lagos, a \u201en\u00e9pi demokr\u00e1ci\u00e1t\u201d kritiz\u00e1l\u00f3\nkijelent\u00e9sei\u00e9rt ketten is feljelentett\u00e9k. \u201eN\u00e9pellenes b\u0171ntett\u00e9t\u201d a szegedi\nn\u00e9pb\u00edr\u00f3s\u00e1gon t\u00e1rgyalt\u00e1k, \u00e1m ott az egym\u00e1snak ellentmond\u00f3 vallom\u00e1soknak\nk\u00f6sz\u00f6nhet\u0151en K\u00f6vesn\u00e9t v\u00e9g\u00fcl felmentett\u00e9k. <\/p>\n\n\n\n<p>Dr.\nK\u00f6ves Mih\u00e1lyt igazol\u00f3bizotts\u00e1g el\u00e9 \u00e1ll\u00edtott\u00e1k, megfosztott\u00e1k \u00e1ll\u00e1s\u00e1t\u00f3l,\nintern\u00e1lt\u00e1k, majd rend\u0151rhat\u00f3s\u00e1gi fel\u00fcgyelet al\u00e1 helyezt\u00e9k \u00e9s \u201efasiszta\u201d m\u00faltja\nmiatt is nyomoz\u00e1st ind\u00edtottak ellene. K\u00f6ves Mih\u00e1ly 1941 \u00e9s 1944 k\u00f6z\u00f6tt val\u00f3ban vez\u00e9re\nvolt a Turul Sz\u00f6vets\u00e9g h\u00f3dmez\u0151v\u00e1s\u00e1rhelyi tagegyes\u00fclet\u00e9nek, de azt, hogy a\nNyilaskeresztes P\u00e1rtnak tagja lett volna, nem siker\u00fclt r\u00e1bizony\u00edtani. A jog\u00e1sz K\u00f6ves\ncsak az 1960-as \u00e9vekben tudott a v\u00e9gzetts\u00e9g\u00e9nek megfelel\u0151 munkak\u00f6rben\nelhelyezkedni. A csal\u00e1dr\u00f3l sz\u00f3l\u00f3 tanulm\u00e1ny az Eml\u00e9kpont tudom\u00e1nyos periodik\u00e1ja,\naz Eml\u00e9keztet\u0151 k\u00f6vetkez\u0151 sz\u00e1m\u00e1ban lesz olvashat\u00f3.<\/p>\n\n\n\n<p>Vincze G\u00e1bor a tan\u00e1cskoz\u00e1son el\u0151ad\u00e1s\u00e1ban k\u00e9t, a\nszegedi &#8222;Kereszt \u00e9s Kard Sz\u00f6vets\u00e9g&#8221; nev\u0171, antikommunista\nszervezked\u00e9sben r\u00e9szt vett csend\u0151r sors\u00e1t ismertette. A sz\u00f6vets\u00e9get 1949-ben\nszervezte meg Hal\u00e1pi J\u00f3zsef volt v\u00e1rosi tisztvisel\u0151, akit 1947-ben ez\u00e9rt egy \u00e9v\nb\u00f6rt\u00f6nb\u00fcntet\u00e9sre \u00edt\u00e9ltek, majd intern\u00e1ltak, s k\u00e9s\u0151bb rend\u0151rhat\u00f3s\u00e1gi fel\u00fcgyelet\nal\u00e1 is helyeztek. A szervezked\u00e9s c\u00e9lja \u2013 az ellen\u00fck felhozott v\u00e1d szerint \u2013 a\n&#8222;n\u00e9pi demokratikus \u00e1llamrend&#8221; k\u00fclf\u00f6ldi seg\u00edts\u00e9ggel t\u00f6rt\u00e9n\u0151 megd\u00f6nt\u00e9se\nvolt. Mint minden korabeli antikommunista szervezked\u00e9s vezet\u0151i \u00e9s tagjai, a\nszegediek is abban rem\u00e9nykedtek, hogy hamarosan megjelennek az\n&#8222;angolsz\u00e1szok&#8221; \u00e9s a seg\u00edts\u00e9g\u00fckkel f\u00f6lszabad\u00edthatj\u00e1k Szegedet \u00e9s\nk\u00f6rny\u00e9k\u00e9t. <\/p>\n\n\n\n<p>A mozgalom tags\u00e1g\u00e1nak nagy r\u00e9sze kisiparos volt, de\nsz\u00e1mos volt rend\u0151r \u00e9s csend\u0151r is csatlakozott hozz\u00e1juk. K\u00f6zt\u00fck volt Bod\u00f3 Antal,\nvolt csend\u0151r \u0151rmester \u00e9s ifj. \u00c9der Istv\u00e1n csend\u0151r szakaszvezet\u0151, akiket 1950\ntavasz\u00e1n szerveztek be. Mindkettej\u00fcket 1950 nyar\u00e1n tart\u00f3ztatt\u00e1k le, Bod\u00f3 Antalt\nels\u0151 fokon 6 \u00e9v k\u00e9nyszermunk\u00e1ra \u00edt\u00e9lt\u00e9k, m\u00edg m\u00e1sodfokon 10 \u00e9v b\u00f6rt\u00f6nb\u00fcntet\u00e9st\nkapott, ifj. \u00c9der Istv\u00e1n meg\u00faszta a kistarcsai intern\u00e1l\u00e1ssal. \u0150t 1953-ban\nengedt\u00e9k szabadon, m\u00edg Bod\u00f3 1956 nyar\u00e1n amneszti\u00e1val szabadult. Az\n1956.november 4. ut\u00e1n l\u00e9trehozott k\u00e1d\u00e1ri \u00e1llambiztons\u00e1g a 70-es \u00e9vekig\nfigyeltette \u0151ket. <\/p>\n\n\n\n<p><em>(Fot\u00f3k: <strong>Linczer-Katk\u00f3\nIzabella, M\u00f3ra Ferenc M\u00fazeum)<\/strong><\/em><\/p>\n\n\n\n<p><em><style type=\"text\/css\">\r\n\t#foogallery-gallery-1735 .fg-image {\r\n        width: 150px;\r\n    }\r\n<\/style>\r\n\t\t\t\t<div class=\"foogallery foogallery-container foogallery-default foogallery-lightbox-none fg-gutter-10 fg-center fg-default fg-light fg-border-thin fg-shadow-outline fg-loading-default fg-loaded-fade-in fg-caption-hover fg-hover-fade fg-hover-zoom fg-ready\" id=\"foogallery-gallery-1735\" data-foogallery=\"{&quot;item&quot;:{&quot;showCaptionTitle&quot;:true,&quot;showCaptionDescription&quot;:true},&quot;lazy&quot;:true}\" >\r\n\t<div class=\"fg-item fg-type-image fg-idle\"><figure class=\"fg-item-inner\"><a href=\"https:\/\/emlekpont.hu\/wp-content\/uploads\/2020\/02\/2019_1211_Muk_01.jpg\" data-attachment-id=\"1736\" data-type=\"image\" class=\"fg-thumb\"><span class=\"fg-image-wrap\"><img decoding=\"async\" width=\"150\" height=\"150\" class=\"skip-lazy fg-image\" data-src-fg=\"https:\/\/emlekpont.hu\/wp-content\/uploads\/cache\/2020\/02\/2019_1211_Muk_01\/1002600317.jpg\" src=\"data:image\/svg+xml,%3Csvg%20xmlns%3D%22http%3A%2F%2Fwww.w3.org%2F2000%2Fsvg%22%20width%3D%22150%22%20height%3D%22150%22%20viewBox%3D%220%200%20150%20150%22%3E%3C%2Fsvg%3E\" loading=\"eager\"><\/span><span class=\"fg-image-overlay\"><\/span><\/a><figcaption class=\"fg-caption\"><div class=\"fg-caption-inner\"><\/div><\/figcaption><\/figure><div class=\"fg-loader\"><\/div><\/div><div class=\"fg-item fg-type-image fg-idle\"><figure class=\"fg-item-inner\"><a href=\"https:\/\/emlekpont.hu\/wp-content\/uploads\/2020\/02\/2019_1211_Muk_02.jpg\" data-attachment-id=\"1737\" data-type=\"image\" class=\"fg-thumb\"><span class=\"fg-image-wrap\"><img decoding=\"async\" width=\"150\" height=\"150\" class=\"skip-lazy fg-image\" data-src-fg=\"https:\/\/emlekpont.hu\/wp-content\/uploads\/cache\/2020\/02\/2019_1211_Muk_02\/2871146080.jpg\" src=\"data:image\/svg+xml,%3Csvg%20xmlns%3D%22http%3A%2F%2Fwww.w3.org%2F2000%2Fsvg%22%20width%3D%22150%22%20height%3D%22150%22%20viewBox%3D%220%200%20150%20150%22%3E%3C%2Fsvg%3E\" loading=\"eager\"><\/span><span class=\"fg-image-overlay\"><\/span><\/a><figcaption class=\"fg-caption\"><div class=\"fg-caption-inner\"><\/div><\/figcaption><\/figure><div class=\"fg-loader\"><\/div><\/div><div class=\"fg-item fg-type-image fg-idle\"><figure class=\"fg-item-inner\"><a href=\"https:\/\/emlekpont.hu\/wp-content\/uploads\/2020\/02\/2019_1211_Muk_03.jpg\" data-attachment-id=\"1738\" data-type=\"image\" class=\"fg-thumb\"><span class=\"fg-image-wrap\"><img decoding=\"async\" width=\"150\" height=\"150\" class=\"skip-lazy fg-image\" data-src-fg=\"https:\/\/emlekpont.hu\/wp-content\/uploads\/cache\/2020\/02\/2019_1211_Muk_03\/3489583604.jpg\" src=\"data:image\/svg+xml,%3Csvg%20xmlns%3D%22http%3A%2F%2Fwww.w3.org%2F2000%2Fsvg%22%20width%3D%22150%22%20height%3D%22150%22%20viewBox%3D%220%200%20150%20150%22%3E%3C%2Fsvg%3E\" loading=\"eager\"><\/span><span class=\"fg-image-overlay\"><\/span><\/a><figcaption class=\"fg-caption\"><div class=\"fg-caption-inner\"><\/div><\/figcaption><\/figure><div class=\"fg-loader\"><\/div><\/div><div class=\"fg-item fg-type-image fg-idle\"><figure class=\"fg-item-inner\"><a href=\"https:\/\/emlekpont.hu\/wp-content\/uploads\/2020\/02\/2019_1211_Muk_04.jpg\" data-attachment-id=\"1739\" data-type=\"image\" class=\"fg-thumb\"><span class=\"fg-image-wrap\"><img decoding=\"async\" width=\"150\" height=\"150\" class=\"skip-lazy fg-image\" data-src-fg=\"https:\/\/emlekpont.hu\/wp-content\/uploads\/cache\/2020\/02\/2019_1211_Muk_04\/3679755795.jpg\" src=\"data:image\/svg+xml,%3Csvg%20xmlns%3D%22http%3A%2F%2Fwww.w3.org%2F2000%2Fsvg%22%20width%3D%22150%22%20height%3D%22150%22%20viewBox%3D%220%200%20150%20150%22%3E%3C%2Fsvg%3E\" loading=\"eager\"><\/span><span class=\"fg-image-overlay\"><\/span><\/a><figcaption class=\"fg-caption\"><div class=\"fg-caption-inner\"><\/div><\/figcaption><\/figure><div class=\"fg-loader\"><\/div><\/div><div class=\"fg-item fg-type-image fg-idle\"><figure class=\"fg-item-inner\"><a href=\"https:\/\/emlekpont.hu\/wp-content\/uploads\/2020\/02\/2019_1211_Muk_05.jpg\" data-attachment-id=\"1740\" data-type=\"image\" class=\"fg-thumb\"><span class=\"fg-image-wrap\"><img decoding=\"async\" width=\"150\" height=\"150\" class=\"skip-lazy fg-image\" data-src-fg=\"https:\/\/emlekpont.hu\/wp-content\/uploads\/cache\/2020\/02\/2019_1211_Muk_05\/2816014417.jpg\" src=\"data:image\/svg+xml,%3Csvg%20xmlns%3D%22http%3A%2F%2Fwww.w3.org%2F2000%2Fsvg%22%20width%3D%22150%22%20height%3D%22150%22%20viewBox%3D%220%200%20150%20150%22%3E%3C%2Fsvg%3E\" loading=\"eager\"><\/span><span class=\"fg-image-overlay\"><\/span><\/a><figcaption class=\"fg-caption\"><div class=\"fg-caption-inner\"><\/div><\/figcaption><\/figure><div class=\"fg-loader\"><\/div><\/div><\/div>\r\n<\/em><\/p>\n","protected":false},"excerpt":{"rendered":"<p>A szegedi M\u00f3ra Ferenc M\u00fazeum december 9. \u00e9s 11. k\u00f6z\u00f6tt rendezte meg M\u00fazeumi Kutat\u00e1sok Csongr\u00e1d Megy\u00e9ben (MUKUCSOM) c\u00edm\u0171 konferenci\u00e1j\u00e1t a Fekete h\u00e1zban, ahol leg\u00fajabb kutat\u00e1si eredm\u00e9nyeir\u0151l a h\u00f3dmez\u0151v\u00e1s\u00e1rhelyi Eml\u00e9kpont k\u00e9t t\u00f6rt\u00e9n\u00e9sze, Nagy Gy\u00f6ngyi \u00e9s Vincze G\u00e1bor is besz\u00e1molt. Nagy Gy\u00f6ngyi el\u0151ad\u00e1s\u00e1ban a h\u00f3dmez\u0151v\u00e1s\u00e1rhelyi K\u00f6ves csal\u00e1d 1945-\u00f6s meghurcol\u00e1s\u00e1r\u00f3l besz\u00e9lt, akik 1944 \u0151sz\u00e9n, m\u00e9g a szovjet megsz\u00e1ll\u00e1s [&hellip;]<\/p>\n","protected":false},"author":5,"featured_media":1740,"comment_status":"closed","ping_status":"closed","sticky":false,"template":"","format":"standard","meta":{"footnotes":""},"categories":[8],"tags":[],"_links":{"self":[{"href":"https:\/\/emlekpont.hu\/index.php?rest_route=\/wp\/v2\/posts\/1741"}],"collection":[{"href":"https:\/\/emlekpont.hu\/index.php?rest_route=\/wp\/v2\/posts"}],"about":[{"href":"https:\/\/emlekpont.hu\/index.php?rest_route=\/wp\/v2\/types\/post"}],"author":[{"embeddable":true,"href":"https:\/\/emlekpont.hu\/index.php?rest_route=\/wp\/v2\/users\/5"}],"replies":[{"embeddable":true,"href":"https:\/\/emlekpont.hu\/index.php?rest_route=%2Fwp%2Fv2%2Fcomments&post=1741"}],"version-history":[{"count":1,"href":"https:\/\/emlekpont.hu\/index.php?rest_route=\/wp\/v2\/posts\/1741\/revisions"}],"predecessor-version":[{"id":1742,"href":"https:\/\/emlekpont.hu\/index.php?rest_route=\/wp\/v2\/posts\/1741\/revisions\/1742"}],"wp:featuredmedia":[{"embeddable":true,"href":"https:\/\/emlekpont.hu\/index.php?rest_route=\/wp\/v2\/media\/1740"}],"wp:attachment":[{"href":"https:\/\/emlekpont.hu\/index.php?rest_route=%2Fwp%2Fv2%2Fmedia&parent=1741"}],"wp:term":[{"taxonomy":"category","embeddable":true,"href":"https:\/\/emlekpont.hu\/index.php?rest_route=%2Fwp%2Fv2%2Fcategories&post=1741"},{"taxonomy":"post_tag","embeddable":true,"href":"https:\/\/emlekpont.hu\/index.php?rest_route=%2Fwp%2Fv2%2Ftags&post=1741"}],"curies":[{"name":"wp","href":"https:\/\/api.w.org\/{rel}","templated":true}]}}