{"id":17408,"date":"2025-02-25T16:14:05","date_gmt":"2025-02-25T16:14:05","guid":{"rendered":"https:\/\/emlekpont.hu\/?p=17408"},"modified":"2025-02-25T16:14:08","modified_gmt":"2025-02-25T16:14:08","slug":"emlekezzunk-a-kommunizmus-aldozataira-2","status":"publish","type":"post","link":"https:\/\/emlekpont.hu\/?p=17408","title":{"rendered":"Eml\u00e9kezz\u00fcnk a kommunizmus \u00e1ldozataira!"},"content":{"rendered":"\n<blockquote class=\"wp-block-quote is-layout-flow wp-block-quote-is-layout-flow\">\n<p><em>\u201eAnnak idej\u00e9n Kov\u00e1cs B\u00e9la volt az, aki emberileg \u00e9s erk\u00f6lcsileg p\u00e9ld\u00e1t mutatott, \u00e9s akiben ott rejlett a lehet\u0151s\u00e9g, hogy nagy \u00e1llamf\u00e9rfi legyen. Mint ahogy Nagy Ferencben is.\u201d <\/em><\/p>\n<cite><em>(G\u00f6ncz \u00c1rp\u00e1d)<\/em><\/cite><\/blockquote>\n\n\n\n<p>Kov\u00e1cs B\u00e9l\u00e1t (1908\u20131959), a F\u00fcggetlen Kisgazdap\u00e1rt f\u0151titk\u00e1r\u00e1t, a m\u00e1sodik vil\u00e1gh\u00e1bor\u00fa ut\u00e1ni hazai politikai \u00e9let egyik legjelent\u0151sebb kommunistaellenes szerepl\u0151j\u00e9t 1947. febru\u00e1r 25-\u00e9n szovjet fegyveresek fogt\u00e1k el \u00e9s hurcolt\u00e1k a Szovjetuni\u00f3ba, annak bizony\u00edt\u00e9kak\u00e9nt, hogy a kommunista p\u00e1rt er\u0151szakos hatalom\u00e1tv\u00e9telt k\u00e9sz\u00edt el\u0151 Magyarorsz\u00e1gon (is). Kov\u00e1cs B\u00e9la megj\u00e1rta a k\u00e9nyszermunkat\u00e1borok kegyetlen vil\u00e1g\u00e1t. Csak \u00e9vekkel k\u00e9s\u0151bb, 1955-ben t\u00e9rhetett vissza Magyarorsz\u00e1gra. Az igazs\u00e1gtalan meghurcoltat\u00e1s \u00e9s a fogs\u00e1g megpr\u00f3b\u00e1ltat\u00e1sai k\u00f6vetkezt\u00e9ben 51 \u00e9ves kor\u00e1ban, 1959-ben elhunyt.<\/p>\n\n\n<div class=\"wp-block-image\">\n<figure class=\"aligncenter size-full\"><img fetchpriority=\"high\" decoding=\"async\" width=\"828\" height=\"552\" src=\"https:\/\/emlekpont.hu\/wp-content\/uploads\/2025\/02\/kovacs_bela_fkgp_fotitkar_nemzetgyulesi_kepviselo_igazolvanya_1945.jpg\" alt=\"Kov\u00e1cs B\u00e9la FKGP f\u0151titk\u00e1r, nemzetgy\u0171l\u00e9si k\u00e9pvisel\u0151 igazolv\u00e1nya, 1945 (forr\u00e1s: https:\/\/mnm.hu\/hu\/cikk\/kovacs-bela-hazatert-emlekei)\" class=\"wp-image-17409\" srcset=\"https:\/\/emlekpont.hu\/wp-content\/uploads\/2025\/02\/kovacs_bela_fkgp_fotitkar_nemzetgyulesi_kepviselo_igazolvanya_1945.jpg 828w, https:\/\/emlekpont.hu\/wp-content\/uploads\/2025\/02\/kovacs_bela_fkgp_fotitkar_nemzetgyulesi_kepviselo_igazolvanya_1945-300x200.jpg 300w, https:\/\/emlekpont.hu\/wp-content\/uploads\/2025\/02\/kovacs_bela_fkgp_fotitkar_nemzetgyulesi_kepviselo_igazolvanya_1945-768x512.jpg 768w, https:\/\/emlekpont.hu\/wp-content\/uploads\/2025\/02\/kovacs_bela_fkgp_fotitkar_nemzetgyulesi_kepviselo_igazolvanya_1945-230x153.jpg 230w, https:\/\/emlekpont.hu\/wp-content\/uploads\/2025\/02\/kovacs_bela_fkgp_fotitkar_nemzetgyulesi_kepviselo_igazolvanya_1945-350x233.jpg 350w, https:\/\/emlekpont.hu\/wp-content\/uploads\/2025\/02\/kovacs_bela_fkgp_fotitkar_nemzetgyulesi_kepviselo_igazolvanya_1945-480x320.jpg 480w\" sizes=\"(max-width: 828px) 100vw, 828px\" \/><figcaption class=\"wp-element-caption\"><em>Kov\u00e1cs B\u00e9la FKGP f\u0151titk\u00e1r, nemzetgy\u0171l\u00e9si k\u00e9pvisel\u0151 igazolv\u00e1nya, 1945 (forr\u00e1s: <\/em><a href=\"https:\/\/mnm.hu\/hu\/cikk\/kovacs-bela-hazatert-emlekei\"><em>https:\/\/mnm.hu\/hu\/cikk\/kovacs-bela-hazatert-emlekei<\/em><\/a><em>)<\/em><\/figcaption><\/figure><\/div>\n\n\n<p>A Magyar Orsz\u00e1ggy\u0171l\u00e9s 2000. j\u00fanius 13-\u00e1n elfogadott hat\u00e1rozat\u00e1val minden \u00e9v febru\u00e1r 25-\u00e9t a Kommunizmus \u00c1ldozatainak Eml\u00e9knapj\u00e1v\u00e1 nyilv\u00e1n\u00edtotta. E napon eml\u00e9kez\u00fcnk t\u00f6bb t\u00edzezer, csal\u00e1dj\u00e1t\u00f3l elv\u00e1lasztott \u00e9s k\u00e9nyszermunkat\u00e1borba hurcolt honfit\u00e1rsunkra, a koholt v\u00e1dak alapj\u00e1n m\u00e9sz\u00e1rsz\u00e9kre k\u00fcld\u00f6tt emberekre, az ellen\u00e1ll\u00f3k\u00e9nt m\u00e1rt\u00edrhal\u00e1lt halt h\u0151s\u00f6kre. Mindazokra, akik a rendszer \u00e1ldozataiv\u00e1 v\u00e1ltak, csal\u00e1dtagjaikra \u00e9s szeretteikre, akiket a rezsim meghurcolt \u00e9s kiszolg\u00e1ltatott.<\/p>\n\n\n\n<p>Az Eml\u00e9kpont els\u0151k\u00e9nt Magyarorsz\u00e1gon \u2013 \u00e9s tal\u00e1n Eur\u00f3p\u00e1ban is \u2013 egy v\u00e1ros t\u00f6rt\u00e9net\u00e9n kereszt\u00fcl t\u00e1rja a l\u00e1togat\u00f3k el\u00e9, hogy mit jelentett az itt \u00e9l\u0151k sz\u00e1m\u00e1ra a kommunista diktat\u00fara id\u0151szaka. Az Eml\u00e9kpont egyetlen pontba, egyetlen ki\u00e1ll\u00edt\u00e1sba s\u0171r\u00edtett eml\u00e9kek helye, ahol mindenki a maga szemsz\u00f6g\u00e9b\u0151l tekinthet vissza a kommunizmus k\u00f6zel f\u00e9l \u00e9vsz\u00e1zad\u00e1ra, m\u00e1sr\u00e9szt pedig egy z\u00e1r\u00f3 pont is, hiszen H\u00f3dmez\u0151v\u00e1s\u00e1rhely v\u00e1rosa ezzel a kultur\u00e1lis-oktat\u00e1si centrummal lez\u00e1rta k\u00f6zelm\u00faltj\u00e1t. Mert ahogyan mondatainkat is ponttal z\u00e1rjuk, egy t\u00f6rt\u00e9nelmi korszak is csak akkor v\u00e1lhat a m\u00falt r\u00e9sz\u00e9v\u00e9, ha pont ker\u00fcl a v\u00e9g\u00e9re.<\/p>\n\n\n\n<blockquote class=\"wp-block-quote is-layout-flow wp-block-quote-is-layout-flow\">\n<p><em>\u201eNem vette be a lelke, a term\u00e9szete a kommunista rendszert.\u201d <\/em><\/p>\n<cite>(\u00f6zv. Blah\u00f3 J\u00e1nosn\u00e9)<\/cite><\/blockquote>\n\n\n\n<p>A k\u00f6zgy\u0171jtem\u00e9ny tal\u00e1n legmegr\u00e1z\u00f3bb t\u00f6rt\u00e9nete k\u00e9t huszon\u00e9vesen kiv\u00e9gzett fiatal f\u00e9rfi\u00e9, Blah\u00f3 J\u00e1nos\u00e9 \u00e9s Kov\u00e1cs Istv\u00e1n\u00e9, akik a mai Sz\u00e9kkutas k\u00f6rny\u00e9ki tanyavil\u00e1gban v\u00e9dt\u00e9k jogukat \u00e9s \u0151seik f\u00f6ldj\u00e9hez, tany\u00e1ikhoz val\u00f3 jussukat a kommunista rend\u0151r\u00e1llammal, a diktat\u00fara elnyom\u00f3, kizs\u00e1km\u00e1nyol\u00f3 hatalm\u00e1val szemben. Szervezked\u00e9s\u00fcket, az \u00e1llamv\u00e9delmi iratokban Feh\u00e9r G\u00e1rdak\u00e9nt emlegetett mozgalmunkat, kegyetlen\u00fcl elfojtott\u00e1k: kettej\u00fcket felakasztott\u00e1k, m\u00edg harmadik t\u00e1rsukat a k\u00ednvallat\u00e1sok k\u00f6zepette vert\u00e9k agyon. Az Eml\u00e9kpont az \u0151 \u00e9s v\u00e1rosunk t\u00f6bbi tragikus sors\u00fa polg\u00e1r\u00e1nak mement\u00f3jak\u00e9nt szolg\u00e1l, eml\u00e9kezve \u00e9s eml\u00e9keztetve a diktat\u00fara embertelens\u00e9g\u00e9re.<\/p>\n\n\n<div class=\"wp-block-image\">\n<figure class=\"aligncenter size-full\"><img decoding=\"async\" width=\"680\" height=\"680\" src=\"https:\/\/emlekpont.hu\/wp-content\/uploads\/2025\/02\/B0027P-0001_prv.jpg\" alt=\"\" class=\"wp-image-17411\" srcset=\"https:\/\/emlekpont.hu\/wp-content\/uploads\/2025\/02\/B0027P-0001_prv.jpg 680w, https:\/\/emlekpont.hu\/wp-content\/uploads\/2025\/02\/B0027P-0001_prv-300x300.jpg 300w, https:\/\/emlekpont.hu\/wp-content\/uploads\/2025\/02\/B0027P-0001_prv-150x150.jpg 150w, https:\/\/emlekpont.hu\/wp-content\/uploads\/2025\/02\/B0027P-0001_prv-230x230.jpg 230w, https:\/\/emlekpont.hu\/wp-content\/uploads\/2025\/02\/B0027P-0001_prv-350x350.jpg 350w, https:\/\/emlekpont.hu\/wp-content\/uploads\/2025\/02\/B0027P-0001_prv-480x480.jpg 480w\" sizes=\"(max-width: 680px) 100vw, 680px\" \/><\/figure><\/div>","protected":false},"excerpt":{"rendered":"<p>Imm\u00e1r negyedsz\u00e1zada minden \u00e9v febru\u00e1r 25-\u00e9n a kommunizmus \u00e1ldozataira eml\u00e9kez\u00fcnk orsz\u00e1gszerte, a jogellenesen letart\u00f3ztatottakra, a koholt v\u00e1dak alapj\u00e1n kiv\u00e9gzettekre, az ellen\u00e1ll\u00f3k\u00e9nt m\u00e1rt\u00edrhal\u00e1lt halt h\u0151s\u00f6kre. Mindazokra, akik a rendszer \u00e1ldozataiv\u00e1 v\u00e1ltak, \u00e9s akiket a rezsim meghurcolt \u00e9s kiszolg\u00e1ltatott. <\/p>\n","protected":false},"author":5,"featured_media":17410,"comment_status":"closed","ping_status":"closed","sticky":false,"template":"","format":"standard","meta":{"footnotes":""},"categories":[8],"tags":[],"_links":{"self":[{"href":"https:\/\/emlekpont.hu\/index.php?rest_route=\/wp\/v2\/posts\/17408"}],"collection":[{"href":"https:\/\/emlekpont.hu\/index.php?rest_route=\/wp\/v2\/posts"}],"about":[{"href":"https:\/\/emlekpont.hu\/index.php?rest_route=\/wp\/v2\/types\/post"}],"author":[{"embeddable":true,"href":"https:\/\/emlekpont.hu\/index.php?rest_route=\/wp\/v2\/users\/5"}],"replies":[{"embeddable":true,"href":"https:\/\/emlekpont.hu\/index.php?rest_route=%2Fwp%2Fv2%2Fcomments&post=17408"}],"version-history":[{"count":1,"href":"https:\/\/emlekpont.hu\/index.php?rest_route=\/wp\/v2\/posts\/17408\/revisions"}],"predecessor-version":[{"id":17412,"href":"https:\/\/emlekpont.hu\/index.php?rest_route=\/wp\/v2\/posts\/17408\/revisions\/17412"}],"wp:featuredmedia":[{"embeddable":true,"href":"https:\/\/emlekpont.hu\/index.php?rest_route=\/wp\/v2\/media\/17410"}],"wp:attachment":[{"href":"https:\/\/emlekpont.hu\/index.php?rest_route=%2Fwp%2Fv2%2Fmedia&parent=17408"}],"wp:term":[{"taxonomy":"category","embeddable":true,"href":"https:\/\/emlekpont.hu\/index.php?rest_route=%2Fwp%2Fv2%2Fcategories&post=17408"},{"taxonomy":"post_tag","embeddable":true,"href":"https:\/\/emlekpont.hu\/index.php?rest_route=%2Fwp%2Fv2%2Ftags&post=17408"}],"curies":[{"name":"wp","href":"https:\/\/api.w.org\/{rel}","templated":true}]}}