{"id":1724,"date":"2019-10-25T05:31:00","date_gmt":"2019-10-25T05:31:00","guid":{"rendered":"http:\/\/emlekpont.hu\/?p=1724"},"modified":"2020-02-05T10:34:46","modified_gmt":"2020-02-05T10:34:46","slug":"hatartalan-forradalom-a-szomszedos-orszagok-magyarjait-is-megerintette-1956","status":"publish","type":"post","link":"https:\/\/emlekpont.hu\/?p=1724","title":{"rendered":"Hat\u00e1rtalan forradalom. A szomsz\u00e9dos orsz\u00e1gok magyarjait is meg\u00e9rintette 1956"},"content":{"rendered":"\n<p><strong><em>Az 1956-os\nforradalom hat\u00e1sa a szomsz\u00e9d orsz\u00e1gokban \u00e9l\u0151 magyars\u00e1gra<\/em><\/strong><strong> c\u00edmmel\nrendezett tudom\u00e1nyos tan\u00e1cskoz\u00e1st a h\u00f3dmez\u0151v\u00e1s\u00e1rhelyi Eml\u00e9kpont, amelyen\nszakemberek a magyarok \u00e1ltal is lakott D\u00e9lvid\u00e9k, Erd\u00e9ly, Felvid\u00e9k \u00e9s K\u00e1rp\u00e1talja\na magyar forradalommal \u00f6sszef\u00fcgg\u0151 t\u00f6rt\u00e9n\u00e9seit vett\u00e9k g\u00f3rcs\u0151 al\u00e1.<\/strong><\/p>\n\n\n\n<p>\u2013 A Nemzeti\nEml\u00e9kezet Hete programsorozat\u00e1ban az Eml\u00e9kpont rendhagy\u00f3 t\u00f6rt\u00e9nelem\u00f3r\u00e1kkal,\nt\u00f6rt\u00e9nelemversennyel, k\u00f6nyvbemutat\u00f3kkal \u00e9s konferenci\u00e1kkal eml\u00e9kezik a 63 \u00e9vvel\nezel\u0151tti forradalom \u00e9s szabads\u00e1gharcra \u2013 mondta el k\u00f6sz\u00f6nt\u0151j\u00e9ben Mikl\u00f3s P\u00e9ter.\nAz Eml\u00e9kpont int\u00e9zm\u00e9nyvezet\u0151je, a Tornyai J\u00e1nos M\u00fazeum igazgat\u00f3ja hozz\u00e1tette:\nkev\u00e9s sz\u00f3 esik arr\u00f3l, hogy Erd\u00e9lyben t\u00f6meg\u00e9vel ind\u00edtottak olyanok ellen\npereket, akik nem szervezkedtek, mind\u00f6ssze szimpatiz\u00e1ltak a magyarorsz\u00e1gi\nforradalom eszm\u00e9ivel, s \u00edgy vontak elj\u00e1r\u00e1s al\u00e1 egyes \u00e9rtelmis\u00e9gieket, lelk\u00e9szeket,\ngimnazist\u00e1kat \u00e9s tan\u00e1raikat. Mindez igazolja \u2013 fogalmazta meg Mikl\u00f3s P\u00e9ter \u2013,\nhogy a kommunista diktat\u00fara nemcsak Magyarorsz\u00e1gon, de a szomsz\u00e9dos,\nszocialista t\u00edpus\u00fa \u00e1llamokban is hasonl\u00f3 mechanizmus alapj\u00e1n m\u0171k\u00f6d\u00f6tt, annak\nir\u00e1ny\u00edt\u00f3i att\u00f3l f\u00e9ltek, hogy ha a budapesti forradalmi eszm\u00e9k besziv\u00e1rognak\nCsehszlov\u00e1ki\u00e1ba, Rom\u00e1ni\u00e1ba, vagy a Szovjetuni\u00f3 magyarok-lakta ter\u00fcleteire,\nvesz\u00e9lyt jelentenek az ott m\u0171k\u00f6d\u0151 totalit\u00e1rius rendszerre.<\/p>\n\n\n\n<p>Az el\u0151ad\u00f3k\nk\u00f6z\u00fcl els\u0151k\u00e9nt Vajda Barnab\u00e1s t\u00f6rt\u00e9n\u00e9sz, a szlov\u00e1kiai Selye J\u00e1nos Egyetem\ndocense v\u00e1zolta fel, hogy mik\u00e9nt v\u00e1ltozott meg a kollekt\u00edv \u00e9let\u00e9rz\u00e9s a\nszlov\u00e1kiai magyarok k\u00f6r\u00e9ben a f\u00e9lelemt\u0151l a b\u00fcszkes\u00e9gig. Guly\u00e1s L\u00e1szl\u00f3, a\nSzegedi Tudom\u00e1nyegyetem Juh\u00e1sz Gyula Pedag\u00f3gusk\u00e9pz\u0151 Kar egyetemi tan\u00e1ra a K\u00e1d\u00e1r\n\u00e9s Tito k\u00f6z\u00f6tti kapcsolatot mutatta be, kit\u00e9rve a forradalom lever\u00e9se ut\u00e1n\nJugoszl\u00e1vi\u00e1ba \u00e9rkezett magyar menek\u00fcltek helyzet\u00e9re is. A nyugalmazott\nberegsz\u00e1szi f\u0151konzul, T\u00f3th Istv\u00e1n kutat\u00f3 a k\u00e1rp\u00e1taljai megtorl\u00e1sokr\u00f3l besz\u00e9lt.\nA Bolyai Tudom\u00e1nyegyetem egyes hallgat\u00f3i \u00e9s oktat\u00f3i ellen ind\u00edtott koncepci\u00f3s\nperekr\u0151l a marosv\u00e1s\u00e1rhelyi sz\u00e1rmaz\u00e1s\u00fa nyugalmazott \u00fajs\u00e1g\u00edr\u00f3, kutat\u00f3, T\u00f3falvi\nZolt\u00e1n tartott el\u0151ad\u00e1st.<\/p>\n\n\n\n<p>A konferenci\u00e1t,\namelynek levezet\u0151je Vincze G\u00e1bor, az Eml\u00e9kpont t\u00f6rt\u00e9n\u00e9sze volt, az\n\u00c1llambiztons\u00e1gi Szolg\u00e1latok T\u00f6rt\u00e9neti Lev\u00e9lt\u00e1ra t\u00f6rt\u00e9n\u00e9sz-lev\u00e9lt\u00e1ros\u00e1nak\nel\u0151ad\u00e1sa z\u00e1rta. Bandi Istv\u00e1n 1956 k\u00e9s\u0151i visszhangjak\u00e9nt a bukaresti magyar\nl\u00edceum k\u00e9t oktat\u00f3ja ellen 1961-ben lefolytatott pert ismertette. A nagy sz\u00e1m\u00fa\nhallgat\u00f3s\u00e1g soraiban ott \u00fcltek a Bethlen G\u00e1bor Reform\u00e1tus Gimn\u00e1zium \u00e9s a N\u00e9meth\nL\u00e1szl\u00f3 Gimn\u00e1zium \u00e9s \u00c1ltal\u00e1nos Iskola t\u00f6rt\u00e9nelem ir\u00e1nt \u00e9rdekl\u0151d\u0151 tanul\u00f3i is.<\/p>\n\n\n\n<style type=\"text\/css\">\r\n\t#foogallery-gallery-1710 .fg-image {\r\n        width: 150px;\r\n    }\r\n<\/style>\r\n\t\t\t\t<div class=\"foogallery foogallery-container foogallery-default foogallery-lightbox-none fg-gutter-10 fg-center fg-default fg-light fg-border-thin fg-shadow-outline fg-loading-default fg-loaded-fade-in fg-caption-hover fg-hover-fade fg-hover-zoom fg-ready\" id=\"foogallery-gallery-1710\" data-foogallery=\"{&quot;item&quot;:{&quot;showCaptionTitle&quot;:true,&quot;showCaptionDescription&quot;:true},&quot;lazy&quot;:true}\" >\r\n\t<div class=\"fg-item fg-type-image fg-idle\"><figure class=\"fg-item-inner\"><a href=\"https:\/\/emlekpont.hu\/wp-content\/uploads\/2020\/02\/2019_1024_Konf_00.jpg\" data-attachment-id=\"1711\" data-type=\"image\" class=\"fg-thumb\"><span class=\"fg-image-wrap\"><img decoding=\"async\" width=\"150\" height=\"150\" class=\"skip-lazy fg-image\" data-src-fg=\"https:\/\/emlekpont.hu\/wp-content\/uploads\/cache\/2020\/02\/2019_1024_Konf_00\/2772422781.jpg\" src=\"data:image\/svg+xml,%3Csvg%20xmlns%3D%22http%3A%2F%2Fwww.w3.org%2F2000%2Fsvg%22%20width%3D%22150%22%20height%3D%22150%22%20viewBox%3D%220%200%20150%20150%22%3E%3C%2Fsvg%3E\" loading=\"eager\"><\/span><span class=\"fg-image-overlay\"><\/span><\/a><figcaption class=\"fg-caption\"><div class=\"fg-caption-inner\"><\/div><\/figcaption><\/figure><div class=\"fg-loader\"><\/div><\/div><div class=\"fg-item fg-type-image fg-idle\"><figure class=\"fg-item-inner\"><a href=\"https:\/\/emlekpont.hu\/wp-content\/uploads\/2020\/02\/2019_1024_Konf_01.jpg\" data-attachment-id=\"1712\" data-type=\"image\" class=\"fg-thumb\"><span class=\"fg-image-wrap\"><img decoding=\"async\" width=\"150\" height=\"150\" class=\"skip-lazy fg-image\" data-src-fg=\"https:\/\/emlekpont.hu\/wp-content\/uploads\/cache\/2020\/02\/2019_1024_Konf_01\/2277048324.jpg\" src=\"data:image\/svg+xml,%3Csvg%20xmlns%3D%22http%3A%2F%2Fwww.w3.org%2F2000%2Fsvg%22%20width%3D%22150%22%20height%3D%22150%22%20viewBox%3D%220%200%20150%20150%22%3E%3C%2Fsvg%3E\" loading=\"eager\"><\/span><span class=\"fg-image-overlay\"><\/span><\/a><figcaption class=\"fg-caption\"><div class=\"fg-caption-inner\"><\/div><\/figcaption><\/figure><div class=\"fg-loader\"><\/div><\/div><div class=\"fg-item fg-type-image fg-idle\"><figure class=\"fg-item-inner\"><a href=\"https:\/\/emlekpont.hu\/wp-content\/uploads\/2020\/02\/2019_1024_Konf_02.jpg\" data-attachment-id=\"1713\" data-type=\"image\" class=\"fg-thumb\"><span class=\"fg-image-wrap\"><img decoding=\"async\" width=\"150\" height=\"150\" class=\"skip-lazy fg-image\" data-src-fg=\"https:\/\/emlekpont.hu\/wp-content\/uploads\/cache\/2020\/02\/2019_1024_Konf_02\/1395505082.jpg\" src=\"data:image\/svg+xml,%3Csvg%20xmlns%3D%22http%3A%2F%2Fwww.w3.org%2F2000%2Fsvg%22%20width%3D%22150%22%20height%3D%22150%22%20viewBox%3D%220%200%20150%20150%22%3E%3C%2Fsvg%3E\" loading=\"eager\"><\/span><span class=\"fg-image-overlay\"><\/span><\/a><figcaption class=\"fg-caption\"><div class=\"fg-caption-inner\"><\/div><\/figcaption><\/figure><div class=\"fg-loader\"><\/div><\/div><div class=\"fg-item fg-type-image fg-idle\"><figure class=\"fg-item-inner\"><a href=\"https:\/\/emlekpont.hu\/wp-content\/uploads\/2020\/02\/2019_1024_Konf_03.jpg\" data-attachment-id=\"1714\" data-type=\"image\" class=\"fg-thumb\"><span class=\"fg-image-wrap\"><img decoding=\"async\" width=\"150\" height=\"150\" class=\"skip-lazy fg-image\" data-src-fg=\"https:\/\/emlekpont.hu\/wp-content\/uploads\/cache\/2020\/02\/2019_1024_Konf_03\/3266617590.jpg\" src=\"data:image\/svg+xml,%3Csvg%20xmlns%3D%22http%3A%2F%2Fwww.w3.org%2F2000%2Fsvg%22%20width%3D%22150%22%20height%3D%22150%22%20viewBox%3D%220%200%20150%20150%22%3E%3C%2Fsvg%3E\" loading=\"eager\"><\/span><span class=\"fg-image-overlay\"><\/span><\/a><figcaption class=\"fg-caption\"><div class=\"fg-caption-inner\"><\/div><\/figcaption><\/figure><div class=\"fg-loader\"><\/div><\/div><div class=\"fg-item fg-type-image fg-idle\"><figure class=\"fg-item-inner\"><a href=\"https:\/\/emlekpont.hu\/wp-content\/uploads\/2020\/02\/2019_1024_Konf_04.jpg\" data-attachment-id=\"1715\" data-type=\"image\" class=\"fg-thumb\"><span class=\"fg-image-wrap\"><img decoding=\"async\" width=\"150\" height=\"150\" class=\"skip-lazy fg-image\" data-src-fg=\"https:\/\/emlekpont.hu\/wp-content\/uploads\/cache\/2020\/02\/2019_1024_Konf_04\/2456426930.jpg\" src=\"data:image\/svg+xml,%3Csvg%20xmlns%3D%22http%3A%2F%2Fwww.w3.org%2F2000%2Fsvg%22%20width%3D%22150%22%20height%3D%22150%22%20viewBox%3D%220%200%20150%20150%22%3E%3C%2Fsvg%3E\" loading=\"eager\"><\/span><span class=\"fg-image-overlay\"><\/span><\/a><figcaption class=\"fg-caption\"><div class=\"fg-caption-inner\"><\/div><\/figcaption><\/figure><div class=\"fg-loader\"><\/div><\/div><div class=\"fg-item fg-type-image fg-idle\"><figure class=\"fg-item-inner\"><a href=\"https:\/\/emlekpont.hu\/wp-content\/uploads\/2020\/02\/2019_1024_Konf_05.jpg\" data-attachment-id=\"1716\" data-type=\"image\" class=\"fg-thumb\"><span class=\"fg-image-wrap\"><img decoding=\"async\" width=\"150\" height=\"150\" class=\"skip-lazy fg-image\" data-src-fg=\"https:\/\/emlekpont.hu\/wp-content\/uploads\/cache\/2020\/02\/2019_1024_Konf_05\/2968308171.jpg\" src=\"data:image\/svg+xml,%3Csvg%20xmlns%3D%22http%3A%2F%2Fwww.w3.org%2F2000%2Fsvg%22%20width%3D%22150%22%20height%3D%22150%22%20viewBox%3D%220%200%20150%20150%22%3E%3C%2Fsvg%3E\" loading=\"eager\"><\/span><span class=\"fg-image-overlay\"><\/span><\/a><figcaption class=\"fg-caption\"><div class=\"fg-caption-inner\"><\/div><\/figcaption><\/figure><div class=\"fg-loader\"><\/div><\/div><div class=\"fg-item fg-type-image fg-idle\"><figure class=\"fg-item-inner\"><a href=\"https:\/\/emlekpont.hu\/wp-content\/uploads\/2020\/02\/2019_1024_Konf_06.jpg\" data-attachment-id=\"1717\" data-type=\"image\" class=\"fg-thumb\"><span class=\"fg-image-wrap\"><img decoding=\"async\" width=\"150\" height=\"150\" class=\"skip-lazy fg-image\" data-src-fg=\"https:\/\/emlekpont.hu\/wp-content\/uploads\/cache\/2020\/02\/2019_1024_Konf_06\/1685618293.jpg\" src=\"data:image\/svg+xml,%3Csvg%20xmlns%3D%22http%3A%2F%2Fwww.w3.org%2F2000%2Fsvg%22%20width%3D%22150%22%20height%3D%22150%22%20viewBox%3D%220%200%20150%20150%22%3E%3C%2Fsvg%3E\" loading=\"eager\"><\/span><span class=\"fg-image-overlay\"><\/span><\/a><figcaption class=\"fg-caption\"><div class=\"fg-caption-inner\"><\/div><\/figcaption><\/figure><div class=\"fg-loader\"><\/div><\/div><div class=\"fg-item fg-type-image fg-idle\"><figure class=\"fg-item-inner\"><a href=\"https:\/\/emlekpont.hu\/wp-content\/uploads\/2020\/02\/2019_1024_Konf_07-Gulyas.jpg\" data-attachment-id=\"1718\" data-type=\"image\" class=\"fg-thumb\"><span class=\"fg-image-wrap\"><img decoding=\"async\" width=\"150\" height=\"150\" class=\"skip-lazy fg-image\" data-src-fg=\"https:\/\/emlekpont.hu\/wp-content\/uploads\/cache\/2020\/02\/2019_1024_Konf_07-Gulyas\/72940183.jpg\" src=\"data:image\/svg+xml,%3Csvg%20xmlns%3D%22http%3A%2F%2Fwww.w3.org%2F2000%2Fsvg%22%20width%3D%22150%22%20height%3D%22150%22%20viewBox%3D%220%200%20150%20150%22%3E%3C%2Fsvg%3E\" loading=\"eager\"><\/span><span class=\"fg-image-overlay\"><\/span><\/a><figcaption class=\"fg-caption\"><div class=\"fg-caption-inner\"><\/div><\/figcaption><\/figure><div class=\"fg-loader\"><\/div><\/div><div class=\"fg-item fg-type-image fg-idle\"><figure class=\"fg-item-inner\"><a href=\"https:\/\/emlekpont.hu\/wp-content\/uploads\/2020\/02\/2019_1024_Konf_07-Vajda.jpg\" data-attachment-id=\"1719\" data-type=\"image\" class=\"fg-thumb\"><span class=\"fg-image-wrap\"><img decoding=\"async\" width=\"150\" height=\"150\" class=\"skip-lazy fg-image\" data-src-fg=\"https:\/\/emlekpont.hu\/wp-content\/uploads\/cache\/2020\/02\/2019_1024_Konf_07-Vajda\/3395176791.jpg\" src=\"data:image\/svg+xml,%3Csvg%20xmlns%3D%22http%3A%2F%2Fwww.w3.org%2F2000%2Fsvg%22%20width%3D%22150%22%20height%3D%22150%22%20viewBox%3D%220%200%20150%20150%22%3E%3C%2Fsvg%3E\" loading=\"eager\"><\/span><span class=\"fg-image-overlay\"><\/span><\/a><figcaption class=\"fg-caption\"><div class=\"fg-caption-inner\"><\/div><\/figcaption><\/figure><div class=\"fg-loader\"><\/div><\/div><div class=\"fg-item fg-type-image fg-idle\"><figure class=\"fg-item-inner\"><a href=\"https:\/\/emlekpont.hu\/wp-content\/uploads\/2020\/02\/2019_1024_Konf_09-Toth-Istvan.jpg\" data-attachment-id=\"1720\" data-type=\"image\" class=\"fg-thumb\"><span class=\"fg-image-wrap\"><img decoding=\"async\" width=\"150\" height=\"150\" class=\"skip-lazy fg-image\" data-src-fg=\"https:\/\/emlekpont.hu\/wp-content\/uploads\/cache\/2020\/02\/2019_1024_Konf_09-Toth-Istvan\/1218760269.jpg\" src=\"data:image\/svg+xml,%3Csvg%20xmlns%3D%22http%3A%2F%2Fwww.w3.org%2F2000%2Fsvg%22%20width%3D%22150%22%20height%3D%22150%22%20viewBox%3D%220%200%20150%20150%22%3E%3C%2Fsvg%3E\" loading=\"eager\"><\/span><span class=\"fg-image-overlay\"><\/span><\/a><figcaption class=\"fg-caption\"><div class=\"fg-caption-inner\"><\/div><\/figcaption><\/figure><div class=\"fg-loader\"><\/div><\/div><div class=\"fg-item fg-type-image fg-idle\"><figure class=\"fg-item-inner\"><a href=\"https:\/\/emlekpont.hu\/wp-content\/uploads\/2020\/02\/2019_1024_Konf_10-Tofalvi.jpg\" data-attachment-id=\"1721\" data-type=\"image\" class=\"fg-thumb\"><span class=\"fg-image-wrap\"><img decoding=\"async\" width=\"150\" height=\"150\" class=\"skip-lazy fg-image\" data-src-fg=\"https:\/\/emlekpont.hu\/wp-content\/uploads\/cache\/2020\/02\/2019_1024_Konf_10-Tofalvi\/1958471512.jpg\" src=\"data:image\/svg+xml,%3Csvg%20xmlns%3D%22http%3A%2F%2Fwww.w3.org%2F2000%2Fsvg%22%20width%3D%22150%22%20height%3D%22150%22%20viewBox%3D%220%200%20150%20150%22%3E%3C%2Fsvg%3E\" loading=\"eager\"><\/span><span class=\"fg-image-overlay\"><\/span><\/a><figcaption class=\"fg-caption\"><div class=\"fg-caption-inner\"><\/div><\/figcaption><\/figure><div class=\"fg-loader\"><\/div><\/div><div class=\"fg-item fg-type-image fg-idle\"><figure class=\"fg-item-inner\"><a href=\"https:\/\/emlekpont.hu\/wp-content\/uploads\/2020\/02\/2019_1024_Konf_11-Bandi.jpg\" data-attachment-id=\"1722\" data-type=\"image\" class=\"fg-thumb\"><span class=\"fg-image-wrap\"><img decoding=\"async\" width=\"150\" height=\"150\" class=\"skip-lazy fg-image\" data-src-fg=\"https:\/\/emlekpont.hu\/wp-content\/uploads\/cache\/2020\/02\/2019_1024_Konf_11-Bandi\/692269401.jpg\" src=\"data:image\/svg+xml,%3Csvg%20xmlns%3D%22http%3A%2F%2Fwww.w3.org%2F2000%2Fsvg%22%20width%3D%22150%22%20height%3D%22150%22%20viewBox%3D%220%200%20150%20150%22%3E%3C%2Fsvg%3E\" loading=\"eager\"><\/span><span class=\"fg-image-overlay\"><\/span><\/a><figcaption class=\"fg-caption\"><div class=\"fg-caption-inner\"><\/div><\/figcaption><\/figure><div class=\"fg-loader\"><\/div><\/div><div class=\"fg-item fg-type-image fg-idle\"><figure class=\"fg-item-inner\"><a href=\"https:\/\/emlekpont.hu\/wp-content\/uploads\/2020\/02\/2019_1024_Konf_12.jpg\" data-attachment-id=\"1723\" data-type=\"image\" class=\"fg-thumb\"><span class=\"fg-image-wrap\"><img decoding=\"async\" width=\"150\" height=\"150\" class=\"skip-lazy fg-image\" data-src-fg=\"https:\/\/emlekpont.hu\/wp-content\/uploads\/cache\/2020\/02\/2019_1024_Konf_12\/2060908786.jpg\" src=\"data:image\/svg+xml,%3Csvg%20xmlns%3D%22http%3A%2F%2Fwww.w3.org%2F2000%2Fsvg%22%20width%3D%22150%22%20height%3D%22150%22%20viewBox%3D%220%200%20150%20150%22%3E%3C%2Fsvg%3E\" loading=\"eager\"><\/span><span class=\"fg-image-overlay\"><\/span><\/a><figcaption class=\"fg-caption\"><div class=\"fg-caption-inner\"><\/div><\/figcaption><\/figure><div class=\"fg-loader\"><\/div><\/div><\/div>\r\n\n","protected":false},"excerpt":{"rendered":"<p>Az 1956-os forradalom hat\u00e1sa a szomsz\u00e9d orsz\u00e1gokban \u00e9l\u0151 magyars\u00e1gra c\u00edmmel rendezett tudom\u00e1nyos tan\u00e1cskoz\u00e1st a h\u00f3dmez\u0151v\u00e1s\u00e1rhelyi Eml\u00e9kpont, amelyen szakemberek a magyarok \u00e1ltal is lakott D\u00e9lvid\u00e9k, Erd\u00e9ly, Felvid\u00e9k \u00e9s K\u00e1rp\u00e1talja a magyar forradalommal \u00f6sszef\u00fcgg\u0151 t\u00f6rt\u00e9n\u00e9seit vett\u00e9k g\u00f3rcs\u0151 al\u00e1. \u2013 A Nemzeti Eml\u00e9kezet Hete programsorozat\u00e1ban az Eml\u00e9kpont rendhagy\u00f3 t\u00f6rt\u00e9nelem\u00f3r\u00e1kkal, t\u00f6rt\u00e9nelemversennyel, k\u00f6nyvbemutat\u00f3kkal \u00e9s konferenci\u00e1kkal eml\u00e9kezik a 63 \u00e9vvel ezel\u0151tti [&hellip;]<\/p>\n","protected":false},"author":5,"featured_media":1711,"comment_status":"closed","ping_status":"closed","sticky":false,"template":"","format":"standard","meta":{"footnotes":""},"categories":[8],"tags":[],"_links":{"self":[{"href":"https:\/\/emlekpont.hu\/index.php?rest_route=\/wp\/v2\/posts\/1724"}],"collection":[{"href":"https:\/\/emlekpont.hu\/index.php?rest_route=\/wp\/v2\/posts"}],"about":[{"href":"https:\/\/emlekpont.hu\/index.php?rest_route=\/wp\/v2\/types\/post"}],"author":[{"embeddable":true,"href":"https:\/\/emlekpont.hu\/index.php?rest_route=\/wp\/v2\/users\/5"}],"replies":[{"embeddable":true,"href":"https:\/\/emlekpont.hu\/index.php?rest_route=%2Fwp%2Fv2%2Fcomments&post=1724"}],"version-history":[{"count":1,"href":"https:\/\/emlekpont.hu\/index.php?rest_route=\/wp\/v2\/posts\/1724\/revisions"}],"predecessor-version":[{"id":1725,"href":"https:\/\/emlekpont.hu\/index.php?rest_route=\/wp\/v2\/posts\/1724\/revisions\/1725"}],"wp:featuredmedia":[{"embeddable":true,"href":"https:\/\/emlekpont.hu\/index.php?rest_route=\/wp\/v2\/media\/1711"}],"wp:attachment":[{"href":"https:\/\/emlekpont.hu\/index.php?rest_route=%2Fwp%2Fv2%2Fmedia&parent=1724"}],"wp:term":[{"taxonomy":"category","embeddable":true,"href":"https:\/\/emlekpont.hu\/index.php?rest_route=%2Fwp%2Fv2%2Fcategories&post=1724"},{"taxonomy":"post_tag","embeddable":true,"href":"https:\/\/emlekpont.hu\/index.php?rest_route=%2Fwp%2Fv2%2Ftags&post=1724"}],"curies":[{"name":"wp","href":"https:\/\/api.w.org\/{rel}","templated":true}]}}