{"id":1162,"date":"2019-12-14T21:15:23","date_gmt":"2019-12-14T21:15:23","guid":{"rendered":"https:\/\/emlekpont.hu\/?p=1162"},"modified":"2019-12-14T21:16:13","modified_gmt":"2019-12-14T21:16:13","slug":"harmatta-janos-1917-2004","status":"publish","type":"post","link":"https:\/\/emlekpont.hu\/?p=1162","title":{"rendered":"Harmatta J\u00e1nos (1917-2004)"},"content":{"rendered":"\t\t<div data-elementor-type=\"wp-post\" data-elementor-id=\"1162\" class=\"elementor elementor-1162\" data-elementor-post-type=\"post\">\n\t\t\t\t\t\t<section class=\"elementor-section elementor-top-section elementor-element elementor-element-4c0db9e elementor-section-boxed elementor-section-height-default elementor-section-height-default\" data-id=\"4c0db9e\" data-element_type=\"section\">\n\t\t\t\t\t\t<div class=\"elementor-container elementor-column-gap-default\">\n\t\t\t\t\t<div class=\"elementor-column elementor-col-100 elementor-top-column elementor-element elementor-element-6b92b61\" data-id=\"6b92b61\" data-element_type=\"column\">\n\t\t\t<div class=\"elementor-widget-wrap elementor-element-populated\">\n\t\t\t\t\t\t<div class=\"elementor-element elementor-element-e834e06 elementor-widget elementor-widget-heading\" data-id=\"e834e06\" data-element_type=\"widget\" data-widget_type=\"heading.default\">\n\t\t\t\t<div class=\"elementor-widget-container\">\n\t\t\t<h2 class=\"elementor-heading-title elementor-size-default\">Harmatta J\u00e1nos (1917-2004)<\/h2>\t\t<\/div>\n\t\t\t\t<\/div>\n\t\t\t\t\t<\/div>\n\t\t<\/div>\n\t\t\t\t\t<\/div>\n\t\t<\/section>\n\t\t\t\t<section class=\"elementor-section elementor-top-section elementor-element elementor-element-f5eb73a elementor-section-boxed elementor-section-height-default elementor-section-height-default\" data-id=\"f5eb73a\" data-element_type=\"section\">\n\t\t\t\t\t\t<div class=\"elementor-container elementor-column-gap-default\">\n\t\t\t\t\t<div class=\"elementor-column elementor-col-100 elementor-top-column elementor-element elementor-element-28d47b6\" data-id=\"28d47b6\" data-element_type=\"column\">\n\t\t\t<div class=\"elementor-widget-wrap elementor-element-populated\">\n\t\t\t\t\t\t<div class=\"elementor-element elementor-element-300083e elementor-widget-divider--view-line elementor-widget elementor-widget-divider\" data-id=\"300083e\" data-element_type=\"widget\" data-widget_type=\"divider.default\">\n\t\t\t\t<div class=\"elementor-widget-container\">\n\t\t\t\t\t<div class=\"elementor-divider\">\n\t\t\t<span class=\"elementor-divider-separator\">\n\t\t\t\t\t\t<\/span>\n\t\t<\/div>\n\t\t\t\t<\/div>\n\t\t\t\t<\/div>\n\t\t\t\t\t<\/div>\n\t\t<\/div>\n\t\t\t\t\t<\/div>\n\t\t<\/section>\n\t\t\t\t<section class=\"elementor-section elementor-top-section elementor-element elementor-element-dce447d elementor-section-boxed elementor-section-height-default elementor-section-height-default\" data-id=\"dce447d\" data-element_type=\"section\">\n\t\t\t\t\t\t<div class=\"elementor-container elementor-column-gap-default\">\n\t\t\t\t\t<div class=\"elementor-column elementor-col-50 elementor-top-column elementor-element elementor-element-57494cc\" data-id=\"57494cc\" data-element_type=\"column\">\n\t\t\t<div class=\"elementor-widget-wrap elementor-element-populated\">\n\t\t\t\t\t\t<div class=\"elementor-element elementor-element-52fa6e2 elementor-widget elementor-widget-image\" data-id=\"52fa6e2\" data-element_type=\"widget\" data-widget_type=\"image.default\">\n\t\t\t\t<div class=\"elementor-widget-container\">\n\t\t\t\t\t\t\t\t\t\t\t\t\t<img decoding=\"async\" width=\"180\" height=\"214\" src=\"https:\/\/emlekpont.hu\/wp-content\/uploads\/2019\/12\/harmattajanos.jpg\" class=\"attachment-full size-full wp-image-176\" alt=\"Harmatta J\u00e1nos\" \/>\t\t\t\t\t\t\t\t\t\t\t\t\t<\/div>\n\t\t\t\t<\/div>\n\t\t\t\t<div class=\"elementor-element elementor-element-b6a2e30 elementor-align-center elementor-widget elementor-widget-button\" data-id=\"b6a2e30\" data-element_type=\"widget\" data-widget_type=\"button.default\">\n\t\t\t\t<div class=\"elementor-widget-container\">\n\t\t\t\t\t<div class=\"elementor-button-wrapper\">\n\t\t\t<a class=\"elementor-button elementor-button-link elementor-size-xl\" href=\"?page_id=96\">\n\t\t\t\t\t\t<span class=\"elementor-button-content-wrapper\">\n\t\t\t\t\t\t<span class=\"elementor-button-icon\">\n\t\t\t\t<i aria-hidden=\"true\" class=\"fas fa-angle-left\"><\/i>\t\t\t<\/span>\n\t\t\t\t\t\t\t\t\t<span class=\"elementor-button-text\">Vissza<\/span>\n\t\t\t\t\t<\/span>\n\t\t\t\t\t<\/a>\n\t\t<\/div>\n\t\t\t\t<\/div>\n\t\t\t\t<\/div>\n\t\t\t\t\t<\/div>\n\t\t<\/div>\n\t\t\t\t<div class=\"elementor-column elementor-col-50 elementor-top-column elementor-element elementor-element-ca7e588\" data-id=\"ca7e588\" data-element_type=\"column\">\n\t\t\t<div class=\"elementor-widget-wrap elementor-element-populated\">\n\t\t\t\t\t\t<div class=\"elementor-element elementor-element-1c4be3a elementor-widget elementor-widget-text-editor\" data-id=\"1c4be3a\" data-element_type=\"widget\" data-widget_type=\"text-editor.default\">\n\t\t\t\t<div class=\"elementor-widget-container\">\n\t\t\t\t\t\t\t<p>Nyelv\u00e9sz. H\u00f3dmez\u0151v\u00e1s\u00e1rhelyen sz\u00fcletett. 1940-ben szerzett magyar-latin-g\u00f6r\u00f6g szakos diplom\u00e1t. 1952-ben az ELTE indoeur\u00f3pai nyelvtudom\u00e1nyi tansz\u00e9k\u00e9nek tan\u00e1ra, majd emeritus professzora. Tudom\u00e1nyos tev\u00e9kenys\u00e9ge a finnugor nyelv\u00e9szett\u0151l az \u00f3kortudom\u00e1nyon kereszt\u00fcl az orientalisztik\u00e1ig, azon bel\u00fcl is az iranisztik\u00e1ig \u00e9s az indol\u00f3gi\u00e1ig terjedt. Jelent\u0151s szerepe volt abban, hogy a budapesti egyetemen l\u00e9trej\u00f6tt egy Magyarorsz\u00e1gon addig \u00fajnak sz\u00e1m\u00edt\u00f3 tudom\u00e1nyos diszcipl\u00edna, az iranisztika els\u0151 m\u0171helye. Az MTA Nyelv- \u00e9s Irodalomtudom\u00e1nyi Oszt\u00e1ly\u00e1nak 1970-t\u0151l volt a tagja, 1973 \u00e9s 1986 k\u00f6z\u00f6tt pedig eln\u00f6khelyettese. Az \u00d3kortudom\u00e1nyi T\u00e1rsas\u00e1g \u00e9s az MTA \u00d3kortudom\u00e1nyi Bizotts\u00e1g\u00e1nak eln\u00f6ke. A Nemzetk\u00f6zi Akad\u00e9miai Uni\u00f3ban v\u00e9gzett tev\u00e9kenys\u00e9ge eredm\u00e9nyek\u00e9nt Ir\u00e1nhoz kapcsol\u00f3d\u00f3 nemzetk\u00f6zi kutat\u00e1si programot ind\u00edtott el.<\/p>\t\t\t\t\t\t<\/div>\n\t\t\t\t<\/div>\n\t\t\t\t\t<\/div>\n\t\t<\/div>\n\t\t\t\t\t<\/div>\n\t\t<\/section>\n\t\t\t\t<\/div>\n\t\t","protected":false},"excerpt":{"rendered":"<p>Harmatta J\u00e1nos (1917-2004) Vissza Nyelv\u00e9sz. H\u00f3dmez\u0151v\u00e1s\u00e1rhelyen sz\u00fcletett. 1940-ben szerzett magyar-latin-g\u00f6r\u00f6g szakos diplom\u00e1t. 1952-ben az ELTE indoeur\u00f3pai nyelvtudom\u00e1nyi tansz\u00e9k\u00e9nek tan\u00e1ra, majd emeritus professzora. Tudom\u00e1nyos tev\u00e9kenys\u00e9ge a finnugor nyelv\u00e9szett\u0151l az \u00f3kortudom\u00e1nyon kereszt\u00fcl az orientalisztik\u00e1ig, azon bel\u00fcl is az iranisztik\u00e1ig \u00e9s az indol\u00f3gi\u00e1ig terjedt. Jelent\u0151s szerepe volt abban, hogy a budapesti egyetemen l\u00e9trej\u00f6tt egy Magyarorsz\u00e1gon addig \u00fajnak sz\u00e1m\u00edt\u00f3 [&hellip;]<\/p>\n","protected":false},"author":5,"featured_media":0,"comment_status":"closed","ping_status":"closed","sticky":false,"template":"elementor_header_footer","format":"standard","meta":{"footnotes":""},"categories":[4],"tags":[],"_links":{"self":[{"href":"https:\/\/emlekpont.hu\/index.php?rest_route=\/wp\/v2\/posts\/1162"}],"collection":[{"href":"https:\/\/emlekpont.hu\/index.php?rest_route=\/wp\/v2\/posts"}],"about":[{"href":"https:\/\/emlekpont.hu\/index.php?rest_route=\/wp\/v2\/types\/post"}],"author":[{"embeddable":true,"href":"https:\/\/emlekpont.hu\/index.php?rest_route=\/wp\/v2\/users\/5"}],"replies":[{"embeddable":true,"href":"https:\/\/emlekpont.hu\/index.php?rest_route=%2Fwp%2Fv2%2Fcomments&post=1162"}],"version-history":[{"count":2,"href":"https:\/\/emlekpont.hu\/index.php?rest_route=\/wp\/v2\/posts\/1162\/revisions"}],"predecessor-version":[{"id":1164,"href":"https:\/\/emlekpont.hu\/index.php?rest_route=\/wp\/v2\/posts\/1162\/revisions\/1164"}],"wp:attachment":[{"href":"https:\/\/emlekpont.hu\/index.php?rest_route=%2Fwp%2Fv2%2Fmedia&parent=1162"}],"wp:term":[{"taxonomy":"category","embeddable":true,"href":"https:\/\/emlekpont.hu\/index.php?rest_route=%2Fwp%2Fv2%2Fcategories&post=1162"},{"taxonomy":"post_tag","embeddable":true,"href":"https:\/\/emlekpont.hu\/index.php?rest_route=%2Fwp%2Fv2%2Ftags&post=1162"}],"curies":[{"name":"wp","href":"https:\/\/api.w.org\/{rel}","templated":true}]}}