{"id":1065,"date":"2019-12-14T18:33:45","date_gmt":"2019-12-14T18:33:45","guid":{"rendered":"https:\/\/emlekpont.hu\/?p=1065"},"modified":"2019-12-14T18:34:05","modified_gmt":"2019-12-14T18:34:05","slug":"domotor-janos-nyugalmazott-muzeum-igazgato","status":"publish","type":"post","link":"https:\/\/emlekpont.hu\/?p=1065","title":{"rendered":"D\u00f6m\u00f6t\u00f6r J\u00e1nos, nyugalmazott m\u00fazeum igazgat\u00f3"},"content":{"rendered":"\t\t<div data-elementor-type=\"wp-post\" data-elementor-id=\"1065\" class=\"elementor elementor-1065\" data-elementor-post-type=\"post\">\n\t\t\t\t\t\t<section class=\"elementor-section elementor-top-section elementor-element elementor-element-d023c20 elementor-section-boxed elementor-section-height-default elementor-section-height-default\" data-id=\"d023c20\" data-element_type=\"section\">\n\t\t\t\t\t\t<div class=\"elementor-container elementor-column-gap-default\">\n\t\t\t\t\t<div class=\"elementor-column elementor-col-100 elementor-top-column elementor-element elementor-element-84663b4\" data-id=\"84663b4\" data-element_type=\"column\">\n\t\t\t<div class=\"elementor-widget-wrap elementor-element-populated\">\n\t\t\t\t\t\t<div class=\"elementor-element elementor-element-7aca1c5 elementor-position-top elementor-widget elementor-widget-image-box\" data-id=\"7aca1c5\" data-element_type=\"widget\" data-widget_type=\"image-box.default\">\n\t\t\t\t<div class=\"elementor-widget-container\">\n\t\t\t<div class=\"elementor-image-box-wrapper\"><figure class=\"elementor-image-box-img\"><img fetchpriority=\"high\" decoding=\"async\" width=\"330\" height=\"400\" src=\"https:\/\/emlekpont.hu\/wp-content\/uploads\/2019\/12\/letrehozok-029.jpg\" class=\"attachment-full size-full wp-image-633\" alt=\"\" srcset=\"https:\/\/emlekpont.hu\/wp-content\/uploads\/2019\/12\/letrehozok-029.jpg 330w, https:\/\/emlekpont.hu\/wp-content\/uploads\/2019\/12\/letrehozok-029-248x300.jpg 248w, https:\/\/emlekpont.hu\/wp-content\/uploads\/2019\/12\/letrehozok-029-230x279.jpg 230w\" sizes=\"(max-width: 330px) 100vw, 330px\" \/><\/figure><div class=\"elementor-image-box-content\"><p class=\"elementor-image-box-description\"><p style=\"text-align: justify\">\nSz\u00fcletett H\u00f3dmez\u0151v\u00e1s\u00e1rhelyen, 1922-ben. A Bethlen G\u00e1bor Reform\u00e1tus Gimn\u00e1zium ut\u00e1n egyetemi tanulm\u00e1nyait a budapesti P\u00e1zm\u00e1ny P\u00e9ter Tudom\u00e1nyegyetem Jogtudom\u00e1nyi Kar\u00e1n kezdte meg, ahol 1944-ben szerzett diplom\u00e1t. 1951 \u00e9s 1961 k\u00f6z\u00f6tt f\u00f6ldm\u0171ves-napsz\u00e1mos, majd v\u00e1llalati alkalmazott. 1961-1991-ig, nyugd\u00edjaz\u00e1s\u00e1ig a Tornyai J\u00e1nos M\u00fazeum igazgat\u00f3ja. Tanulm\u00e1ny\u00faton j\u00e1rt Csehszlov\u00e1ki\u00e1ban, Bulg\u00e1ri\u00e1ban, Olaszorsz\u00e1gban \u00e9s Jugoszl\u00e1vi\u00e1ban. Kutat\u00e1si ter\u00fclete: H\u00f3dmez\u0151v\u00e1s\u00e1rhely m\u0171vel\u0151d\u00e9st\u00f6rt\u00e9nete, k\u00e9pz\u0151m\u0171v\u00e9szete.\n<\/p><\/p><\/div><\/div>\t\t<\/div>\n\t\t\t\t<\/div>\n\t\t\t\t\t<\/div>\n\t\t<\/div>\n\t\t\t\t\t<\/div>\n\t\t<\/section>\n\t\t\t\t<\/div>\n\t\t","protected":false},"excerpt":{"rendered":"<p>Sz\u00fcletett H\u00f3dmez\u0151v\u00e1s\u00e1rhelyen, 1922-ben. A Bethlen G\u00e1bor Reform\u00e1tus Gimn\u00e1zium ut\u00e1n egyetemi tanulm\u00e1nyait a budapesti P\u00e1zm\u00e1ny P\u00e9ter Tudom\u00e1nyegyetem Jogtudom\u00e1nyi Kar\u00e1n kezdte meg, ahol 1944-ben szerzett diplom\u00e1t. 1951 \u00e9s 1961 k\u00f6z\u00f6tt f\u00f6ldm\u0171ves-napsz\u00e1mos, majd v\u00e1llalati alkalmazott. 1961-1991-ig, nyugd\u00edjaz\u00e1s\u00e1ig a Tornyai J\u00e1nos M\u00fazeum igazgat\u00f3ja. Tanulm\u00e1ny\u00faton j\u00e1rt Csehszlov\u00e1ki\u00e1ban, Bulg\u00e1ri\u00e1ban, Olaszorsz\u00e1gban \u00e9s Jugoszl\u00e1vi\u00e1ban. Kutat\u00e1si ter\u00fclete: H\u00f3dmez\u0151v\u00e1s\u00e1rhely m\u0171vel\u0151d\u00e9st\u00f6rt\u00e9nete, k\u00e9pz\u0151m\u0171v\u00e9szete.<\/p>\n","protected":false},"author":5,"featured_media":0,"comment_status":"closed","ping_status":"closed","sticky":false,"template":"","format":"standard","meta":{"footnotes":""},"categories":[7],"tags":[],"_links":{"self":[{"href":"https:\/\/emlekpont.hu\/index.php?rest_route=\/wp\/v2\/posts\/1065"}],"collection":[{"href":"https:\/\/emlekpont.hu\/index.php?rest_route=\/wp\/v2\/posts"}],"about":[{"href":"https:\/\/emlekpont.hu\/index.php?rest_route=\/wp\/v2\/types\/post"}],"author":[{"embeddable":true,"href":"https:\/\/emlekpont.hu\/index.php?rest_route=\/wp\/v2\/users\/5"}],"replies":[{"embeddable":true,"href":"https:\/\/emlekpont.hu\/index.php?rest_route=%2Fwp%2Fv2%2Fcomments&post=1065"}],"version-history":[{"count":2,"href":"https:\/\/emlekpont.hu\/index.php?rest_route=\/wp\/v2\/posts\/1065\/revisions"}],"predecessor-version":[{"id":1067,"href":"https:\/\/emlekpont.hu\/index.php?rest_route=\/wp\/v2\/posts\/1065\/revisions\/1067"}],"wp:attachment":[{"href":"https:\/\/emlekpont.hu\/index.php?rest_route=%2Fwp%2Fv2%2Fmedia&parent=1065"}],"wp:term":[{"taxonomy":"category","embeddable":true,"href":"https:\/\/emlekpont.hu\/index.php?rest_route=%2Fwp%2Fv2%2Fcategories&post=1065"},{"taxonomy":"post_tag","embeddable":true,"href":"https:\/\/emlekpont.hu\/index.php?rest_route=%2Fwp%2Fv2%2Ftags&post=1065"}],"curies":[{"name":"wp","href":"https:\/\/api.w.org\/{rel}","templated":true}]}}