{"id":1062,"date":"2019-12-14T18:32:33","date_gmt":"2019-12-14T18:32:33","guid":{"rendered":"https:\/\/emlekpont.hu\/?p=1062"},"modified":"2019-12-14T18:33:06","modified_gmt":"2019-12-14T18:33:06","slug":"nagy-imre-muveszettortenesz-muzeumigazgato","status":"publish","type":"post","link":"https:\/\/emlekpont.hu\/?p=1062","title":{"rendered":"Nagy Imre, m\u0171v\u00e9szett\u00f6rt\u00e9n\u00e9sz, m\u00fazeumigazgat\u00f3"},"content":{"rendered":"\t\t<div data-elementor-type=\"wp-post\" data-elementor-id=\"1062\" class=\"elementor elementor-1062\" data-elementor-post-type=\"post\">\n\t\t\t\t\t\t<section class=\"elementor-section elementor-top-section elementor-element elementor-element-d023c20 elementor-section-boxed elementor-section-height-default elementor-section-height-default\" data-id=\"d023c20\" data-element_type=\"section\">\n\t\t\t\t\t\t<div class=\"elementor-container elementor-column-gap-default\">\n\t\t\t\t\t<div class=\"elementor-column elementor-col-100 elementor-top-column elementor-element elementor-element-84663b4\" data-id=\"84663b4\" data-element_type=\"column\">\n\t\t\t<div class=\"elementor-widget-wrap elementor-element-populated\">\n\t\t\t\t\t\t<div class=\"elementor-element elementor-element-7aca1c5 elementor-position-top elementor-widget elementor-widget-image-box\" data-id=\"7aca1c5\" data-element_type=\"widget\" data-widget_type=\"image-box.default\">\n\t\t\t\t<div class=\"elementor-widget-container\">\n\t\t\t<div class=\"elementor-image-box-wrapper\"><figure class=\"elementor-image-box-img\"><img fetchpriority=\"high\" decoding=\"async\" width=\"330\" height=\"400\" src=\"https:\/\/emlekpont.hu\/wp-content\/uploads\/2019\/12\/letrehozok-015.jpg\" class=\"attachment-full size-full wp-image-619\" alt=\"\" srcset=\"https:\/\/emlekpont.hu\/wp-content\/uploads\/2019\/12\/letrehozok-015.jpg 330w, https:\/\/emlekpont.hu\/wp-content\/uploads\/2019\/12\/letrehozok-015-248x300.jpg 248w, https:\/\/emlekpont.hu\/wp-content\/uploads\/2019\/12\/letrehozok-015-230x279.jpg 230w\" sizes=\"(max-width: 330px) 100vw, 330px\" \/><\/figure><div class=\"elementor-image-box-content\"><p class=\"elementor-image-box-description\"><p style=\"text-align: justify\">\nB\u00e9k\u00e9scsab\u00e1n sz\u00fcletett 1955-ben. 1979-ben a szegedi Juh\u00e1sz Gyula Tan\u00e1rk\u00e9pz\u0151 F\u0151iskola f\u00f6ldrajz-rajz szak\u00e1n \u00e1ltal\u00e1nos iskolai tan\u00e1ri oklevelet szerzett, majd a budapesti E\u00f6tv\u00f6s Lor\u00e1nd Tudom\u00e1nyegyetemen 1989-ben m\u0171v\u00e9szett\u00f6rt\u00e9n\u00e9szk\u00e9nt diplom\u00e1zott. Tanulm\u00e1ny\u00faton j\u00e1rt Angli\u00e1ban, Ausztri\u00e1ban, Csehszlov\u00e1ki\u00e1ban, Franciaorsz\u00e1gban, N\u00e9metorsz\u00e1gban, Spanyolorsz\u00e1gban \u00e9s az Egyes\u00fclt \u00c1llamokban. 1979-t\u00f3l k\u00f6nyvt\u00e1ros a szegedi Somogyi-k\u00f6nyvt\u00e1rban. 1982-ben a Szegedi Szabadt\u00e9ri J\u00e1t\u00e9kok d\u00edszletfest\u0151je, a T\u00f6m\u00f6rk\u00e9ny Istv\u00e1n Gimn\u00e1zium \u00e9s Szakk\u00f6z\u00e9piskola \u00f3raad\u00f3 tan\u00e1ra. 1984-t\u0151l a Tornyai J\u00e1nos M\u00fazeum muzeol\u00f3gusa, 1993-t\u00f3l a m\u00fazeum igazgat\u00f3ja. Tagja a Magyar N\u00e9prajzi T\u00e1rsas\u00e1gnak. Kutat\u00e1si ter\u00fclete a kort\u00e1rs magyar m\u0171v\u00e9szet \u00e9s az \u00e9szak-amerikai s\u00edks\u00e1g indi\u00e1n m\u0171v\u00e9szete.\n<\/p><\/p><\/div><\/div>\t\t<\/div>\n\t\t\t\t<\/div>\n\t\t\t\t\t<\/div>\n\t\t<\/div>\n\t\t\t\t\t<\/div>\n\t\t<\/section>\n\t\t\t\t<\/div>\n\t\t","protected":false},"excerpt":{"rendered":"<p>B\u00e9k\u00e9scsab\u00e1n sz\u00fcletett 1955-ben. 1979-ben a szegedi Juh\u00e1sz Gyula Tan\u00e1rk\u00e9pz\u0151 F\u0151iskola f\u00f6ldrajz-rajz szak\u00e1n \u00e1ltal\u00e1nos iskolai tan\u00e1ri oklevelet szerzett, majd a budapesti E\u00f6tv\u00f6s Lor\u00e1nd Tudom\u00e1nyegyetemen 1989-ben m\u0171v\u00e9szett\u00f6rt\u00e9n\u00e9szk\u00e9nt diplom\u00e1zott. Tanulm\u00e1ny\u00faton j\u00e1rt Angli\u00e1ban, Ausztri\u00e1ban, Csehszlov\u00e1ki\u00e1ban, Franciaorsz\u00e1gban, N\u00e9metorsz\u00e1gban, Spanyolorsz\u00e1gban \u00e9s az Egyes\u00fclt \u00c1llamokban. 1979-t\u00f3l k\u00f6nyvt\u00e1ros a szegedi Somogyi-k\u00f6nyvt\u00e1rban. 1982-ben a Szegedi Szabadt\u00e9ri J\u00e1t\u00e9kok d\u00edszletfest\u0151je, a T\u00f6m\u00f6rk\u00e9ny Istv\u00e1n Gimn\u00e1zium \u00e9s Szakk\u00f6z\u00e9piskola [&hellip;]<\/p>\n","protected":false},"author":5,"featured_media":0,"comment_status":"closed","ping_status":"closed","sticky":false,"template":"","format":"standard","meta":{"footnotes":""},"categories":[7],"tags":[],"_links":{"self":[{"href":"https:\/\/emlekpont.hu\/index.php?rest_route=\/wp\/v2\/posts\/1062"}],"collection":[{"href":"https:\/\/emlekpont.hu\/index.php?rest_route=\/wp\/v2\/posts"}],"about":[{"href":"https:\/\/emlekpont.hu\/index.php?rest_route=\/wp\/v2\/types\/post"}],"author":[{"embeddable":true,"href":"https:\/\/emlekpont.hu\/index.php?rest_route=\/wp\/v2\/users\/5"}],"replies":[{"embeddable":true,"href":"https:\/\/emlekpont.hu\/index.php?rest_route=%2Fwp%2Fv2%2Fcomments&post=1062"}],"version-history":[{"count":2,"href":"https:\/\/emlekpont.hu\/index.php?rest_route=\/wp\/v2\/posts\/1062\/revisions"}],"predecessor-version":[{"id":1064,"href":"https:\/\/emlekpont.hu\/index.php?rest_route=\/wp\/v2\/posts\/1062\/revisions\/1064"}],"wp:attachment":[{"href":"https:\/\/emlekpont.hu\/index.php?rest_route=%2Fwp%2Fv2%2Fmedia&parent=1062"}],"wp:term":[{"taxonomy":"category","embeddable":true,"href":"https:\/\/emlekpont.hu\/index.php?rest_route=%2Fwp%2Fv2%2Fcategories&post=1062"},{"taxonomy":"post_tag","embeddable":true,"href":"https:\/\/emlekpont.hu\/index.php?rest_route=%2Fwp%2Fv2%2Ftags&post=1062"}],"curies":[{"name":"wp","href":"https:\/\/api.w.org\/{rel}","templated":true}]}}