{"id":1055,"date":"2019-12-14T18:29:52","date_gmt":"2019-12-14T18:29:52","guid":{"rendered":"https:\/\/emlekpont.hu\/?p=1055"},"modified":"2019-12-14T18:30:11","modified_gmt":"2019-12-14T18:30:11","slug":"szabo-ferenc-tortenesz-nyugalmazott-leveltari-igazgato","status":"publish","type":"post","link":"https:\/\/emlekpont.hu\/?p=1055","title":{"rendered":"Szab\u00f3 Ferenc, t\u00f6rt\u00e9n\u00e9sz, nyugalmazott lev\u00e9lt\u00e1ri igazgat\u00f3"},"content":{"rendered":"\t\t<div data-elementor-type=\"wp-post\" data-elementor-id=\"1055\" class=\"elementor elementor-1055\" data-elementor-post-type=\"post\">\n\t\t\t\t\t\t<section class=\"elementor-section elementor-top-section elementor-element elementor-element-d023c20 elementor-section-boxed elementor-section-height-default elementor-section-height-default\" data-id=\"d023c20\" data-element_type=\"section\">\n\t\t\t\t\t\t<div class=\"elementor-container elementor-column-gap-default\">\n\t\t\t\t\t<div class=\"elementor-column elementor-col-100 elementor-top-column elementor-element elementor-element-84663b4\" data-id=\"84663b4\" data-element_type=\"column\">\n\t\t\t<div class=\"elementor-widget-wrap elementor-element-populated\">\n\t\t\t\t\t\t<div class=\"elementor-element elementor-element-7aca1c5 elementor-position-top elementor-widget elementor-widget-image-box\" data-id=\"7aca1c5\" data-element_type=\"widget\" data-widget_type=\"image-box.default\">\n\t\t\t\t<div class=\"elementor-widget-container\">\n\t\t\t<div class=\"elementor-image-box-wrapper\"><figure class=\"elementor-image-box-img\"><img fetchpriority=\"high\" decoding=\"async\" width=\"330\" height=\"400\" src=\"https:\/\/emlekpont.hu\/wp-content\/uploads\/2019\/12\/letrehozok-021.jpg\" class=\"attachment-full size-full wp-image-625\" alt=\"\" srcset=\"https:\/\/emlekpont.hu\/wp-content\/uploads\/2019\/12\/letrehozok-021.jpg 330w, https:\/\/emlekpont.hu\/wp-content\/uploads\/2019\/12\/letrehozok-021-248x300.jpg 248w, https:\/\/emlekpont.hu\/wp-content\/uploads\/2019\/12\/letrehozok-021-230x279.jpg 230w\" sizes=\"(max-width: 330px) 100vw, 330px\" \/><\/figure><div class=\"elementor-image-box-content\"><p class=\"elementor-image-box-description\"><p style=\"text-align: justify\">\nOrosh\u00e1z\u00e1n sz\u00fcletett 1935-ben. 1959-ben v\u00e9gzett a szegedi egyetem magyar-t\u00f6rt\u00e9nelem szak\u00e1n. 1957-t\u0151l a \u02ddlegsz\u00f6gedibb sz\u00f6gedi\u02dd B\u00e1lint S\u00e1ndor tan\u00edtv\u00e1nyai k\u00f6z\u00e9 tartozott, 1959-ben n\u00e9prajzb\u00f3l n\u00e1la szerzett egyetemi doktori c\u00edmet. P\u00e1ly\u00e1j\u00e1t tan\u00e1rk\u00e9nt a szarvasi gimn\u00e1ziumban kezdte, majd 1960-t\u00f3l \u00f6t \u00e9vig a Szegedi \u00c1llami Lev\u00e9lt\u00e1rban dolgozott, mik\u00f6zben Budapesten megszerezte a lev\u00e9lt\u00e1rosi k\u00e9pes\u00edt\u00e9st. 1965-ben a Gyulai \u00c1llami Lev\u00e9lt\u00e1r (1968-t\u00f3l B\u00e9k\u00e9s Megyei Lev\u00e9lt\u00e1r) igazgat\u00f3j\u00e1v\u00e1 nevezt\u00e9k ki. 1982-t\u0151l 1995-ig a B\u00e9k\u00e9s megyei m\u00fazeumi szervezet igazgat\u00f3jak\u00e9nt dolgozott. Kutat\u00f3 f\u0151k\u00e9nt a D\u00e9l-Tisz\u00e1nt\u00fal XIX-XX. sz\u00e1zadi t\u00f6rt\u00e9net\u00e9vel, n\u00e9pess\u00e9g\u00e9nek v\u00e1ltoz\u00e1saival foglalkozik. B\u00e9k\u00e9s \u00e9s Csongr\u00e1d megyei v\u00e1ros- \u00e9s k\u00f6zs\u00e9gmonogr\u00e1fi\u00e1k szervez\u00e9se \u00e9s \u00edr\u00e1sa mellett 24 \u00e9ven \u00e1t volt a B\u00e9k\u00e9si \u00c9let c\u00edm\u0171 tudom\u00e1nyos \u00e9s k\u00f6zm\u0171vel\u0151d\u00e9si foly\u00f3irat felel\u0151s szerkeszt\u0151je, kiadv\u00e1nysorozatok gondoz\u00f3ja. A v\u00e1rosmonogr\u00e1fia 1993-ban kiadott II. k\u00f6tet\u00e9nek (1848-1918) f\u0151szerkeszt\u0151je \u00e9s egyik szerz\u0151je.\n<\/p><\/p><\/div><\/div>\t\t<\/div>\n\t\t\t\t<\/div>\n\t\t\t\t\t<\/div>\n\t\t<\/div>\n\t\t\t\t\t<\/div>\n\t\t<\/section>\n\t\t\t\t<\/div>\n\t\t","protected":false},"excerpt":{"rendered":"<p>Orosh\u00e1z\u00e1n sz\u00fcletett 1935-ben. 1959-ben v\u00e9gzett a szegedi egyetem magyar-t\u00f6rt\u00e9nelem szak\u00e1n. 1957-t\u0151l a \u02ddlegsz\u00f6gedibb sz\u00f6gedi\u02dd B\u00e1lint S\u00e1ndor tan\u00edtv\u00e1nyai k\u00f6z\u00e9 tartozott, 1959-ben n\u00e9prajzb\u00f3l n\u00e1la szerzett egyetemi doktori c\u00edmet. P\u00e1ly\u00e1j\u00e1t tan\u00e1rk\u00e9nt a szarvasi gimn\u00e1ziumban kezdte, majd 1960-t\u00f3l \u00f6t \u00e9vig a Szegedi \u00c1llami Lev\u00e9lt\u00e1rban dolgozott, mik\u00f6zben Budapesten megszerezte a lev\u00e9lt\u00e1rosi k\u00e9pes\u00edt\u00e9st. 1965-ben a Gyulai \u00c1llami Lev\u00e9lt\u00e1r (1968-t\u00f3l B\u00e9k\u00e9s Megyei [&hellip;]<\/p>\n","protected":false},"author":5,"featured_media":0,"comment_status":"closed","ping_status":"closed","sticky":false,"template":"","format":"standard","meta":{"footnotes":""},"categories":[7],"tags":[],"_links":{"self":[{"href":"https:\/\/emlekpont.hu\/index.php?rest_route=\/wp\/v2\/posts\/1055"}],"collection":[{"href":"https:\/\/emlekpont.hu\/index.php?rest_route=\/wp\/v2\/posts"}],"about":[{"href":"https:\/\/emlekpont.hu\/index.php?rest_route=\/wp\/v2\/types\/post"}],"author":[{"embeddable":true,"href":"https:\/\/emlekpont.hu\/index.php?rest_route=\/wp\/v2\/users\/5"}],"replies":[{"embeddable":true,"href":"https:\/\/emlekpont.hu\/index.php?rest_route=%2Fwp%2Fv2%2Fcomments&post=1055"}],"version-history":[{"count":2,"href":"https:\/\/emlekpont.hu\/index.php?rest_route=\/wp\/v2\/posts\/1055\/revisions"}],"predecessor-version":[{"id":1057,"href":"https:\/\/emlekpont.hu\/index.php?rest_route=\/wp\/v2\/posts\/1055\/revisions\/1057"}],"wp:attachment":[{"href":"https:\/\/emlekpont.hu\/index.php?rest_route=%2Fwp%2Fv2%2Fmedia&parent=1055"}],"wp:term":[{"taxonomy":"category","embeddable":true,"href":"https:\/\/emlekpont.hu\/index.php?rest_route=%2Fwp%2Fv2%2Fcategories&post=1055"},{"taxonomy":"post_tag","embeddable":true,"href":"https:\/\/emlekpont.hu\/index.php?rest_route=%2Fwp%2Fv2%2Ftags&post=1055"}],"curies":[{"name":"wp","href":"https:\/\/api.w.org\/{rel}","templated":true}]}}