{"id":1051,"date":"2019-12-14T18:28:42","date_gmt":"2019-12-14T18:28:42","guid":{"rendered":"https:\/\/emlekpont.hu\/?p=1051"},"modified":"2019-12-14T18:29:12","modified_gmt":"2019-12-14T18:29:12","slug":"sandor-janos-epitesz","status":"publish","type":"post","link":"https:\/\/emlekpont.hu\/?p=1051","title":{"rendered":"S\u00e1ndor J\u00e1nos, \u00e9p\u00edt\u00e9sz"},"content":{"rendered":"\t\t<div data-elementor-type=\"wp-post\" data-elementor-id=\"1051\" class=\"elementor elementor-1051\" data-elementor-post-type=\"post\">\n\t\t\t\t\t\t<section class=\"elementor-section elementor-top-section elementor-element elementor-element-d023c20 elementor-section-boxed elementor-section-height-default elementor-section-height-default\" data-id=\"d023c20\" data-element_type=\"section\">\n\t\t\t\t\t\t<div class=\"elementor-container elementor-column-gap-default\">\n\t\t\t\t\t<div class=\"elementor-column elementor-col-100 elementor-top-column elementor-element elementor-element-84663b4\" data-id=\"84663b4\" data-element_type=\"column\">\n\t\t\t<div class=\"elementor-widget-wrap elementor-element-populated\">\n\t\t\t\t\t\t<div class=\"elementor-element elementor-element-7aca1c5 elementor-position-top elementor-widget elementor-widget-image-box\" data-id=\"7aca1c5\" data-element_type=\"widget\" data-widget_type=\"image-box.default\">\n\t\t\t\t<div class=\"elementor-widget-container\">\n\t\t\t<div class=\"elementor-image-box-wrapper\"><figure class=\"elementor-image-box-img\"><img fetchpriority=\"high\" decoding=\"async\" width=\"330\" height=\"400\" src=\"https:\/\/emlekpont.hu\/wp-content\/uploads\/2019\/12\/letrehozok-017.jpg\" class=\"attachment-full size-full wp-image-621\" alt=\"\" srcset=\"https:\/\/emlekpont.hu\/wp-content\/uploads\/2019\/12\/letrehozok-017.jpg 330w, https:\/\/emlekpont.hu\/wp-content\/uploads\/2019\/12\/letrehozok-017-248x300.jpg 248w, https:\/\/emlekpont.hu\/wp-content\/uploads\/2019\/12\/letrehozok-017-230x279.jpg 230w\" sizes=\"(max-width: 330px) 100vw, 330px\" \/><\/figure><div class=\"elementor-image-box-content\"><p class=\"elementor-image-box-description\"><p style=\"text-align: justify\">\n1963-ban sz\u00fcletett Gy\u0151rben. A Budapesti M\u0171szaki Egyetem \u00c9p\u00edt\u00e9szkar\u00e1n szerzett egyetemi diplom\u00e1t. A Plaza M\u0171terem egyik tulajdonosa, amelynek Budapesten \u00e9s Gy\u0151rben m\u0171k\u00f6dik irod\u00e1ja. R\u00e9szt vett a gy\u0151ri B\u00e1csai \u00d3voda, a budapesti Terror H\u00e1za M\u00fazeum, a soproni Papa Joe Pub \u00e9s a gy\u0151ri Bart\u00f3k B\u00e9la M\u0171vel\u0151d\u00e9si K\u00f6zpont l\u00e9trehoz\u00e1s\u00e1ban. Dolgozott a Katona J\u00f3zsef Sz\u00ednh\u00e1zban, a V\u00edgsz\u00ednh\u00e1zban \u00e9s a p\u00e1rizsi Odeonban, az Oper\u00e1ban \u00e9s a Magyar Telev\u00edzi\u00f3n\u00e1l. K\u00f6zrem\u0171k\u00f6d\u00f6tt a \u201eGy\u0151r Eur\u00f3pa Kultur\u00e1lis F\u0151v\u00e1rosa 2010\u201d c\u00edm p\u00e1ly\u00e1zat\u00e1nak megalkot\u00e1s\u00e1ban, r\u00e9sztvev\u0151je a Nemzeti Fejleszt\u00e9si Terv k\u00e9sz\u00edt\u00e9s\u00e9nek; a L\u00e1t\u00f3k\u00f6r Csoport tagja.\n<\/p><\/p><\/div><\/div>\t\t<\/div>\n\t\t\t\t<\/div>\n\t\t\t\t\t<\/div>\n\t\t<\/div>\n\t\t\t\t\t<\/div>\n\t\t<\/section>\n\t\t\t\t<\/div>\n\t\t","protected":false},"excerpt":{"rendered":"<p>1963-ban sz\u00fcletett Gy\u0151rben. A Budapesti M\u0171szaki Egyetem \u00c9p\u00edt\u00e9szkar\u00e1n szerzett egyetemi diplom\u00e1t. A Plaza M\u0171terem egyik tulajdonosa, amelynek Budapesten \u00e9s Gy\u0151rben m\u0171k\u00f6dik irod\u00e1ja. R\u00e9szt vett a gy\u0151ri B\u00e1csai \u00d3voda, a budapesti Terror H\u00e1za M\u00fazeum, a soproni Papa Joe Pub \u00e9s a gy\u0151ri Bart\u00f3k B\u00e9la M\u0171vel\u0151d\u00e9si K\u00f6zpont l\u00e9trehoz\u00e1s\u00e1ban. Dolgozott a Katona J\u00f3zsef Sz\u00ednh\u00e1zban, a V\u00edgsz\u00ednh\u00e1zban \u00e9s a [&hellip;]<\/p>\n","protected":false},"author":5,"featured_media":0,"comment_status":"closed","ping_status":"closed","sticky":false,"template":"","format":"standard","meta":{"footnotes":""},"categories":[7],"tags":[],"_links":{"self":[{"href":"https:\/\/emlekpont.hu\/index.php?rest_route=\/wp\/v2\/posts\/1051"}],"collection":[{"href":"https:\/\/emlekpont.hu\/index.php?rest_route=\/wp\/v2\/posts"}],"about":[{"href":"https:\/\/emlekpont.hu\/index.php?rest_route=\/wp\/v2\/types\/post"}],"author":[{"embeddable":true,"href":"https:\/\/emlekpont.hu\/index.php?rest_route=\/wp\/v2\/users\/5"}],"replies":[{"embeddable":true,"href":"https:\/\/emlekpont.hu\/index.php?rest_route=%2Fwp%2Fv2%2Fcomments&post=1051"}],"version-history":[{"count":2,"href":"https:\/\/emlekpont.hu\/index.php?rest_route=\/wp\/v2\/posts\/1051\/revisions"}],"predecessor-version":[{"id":1054,"href":"https:\/\/emlekpont.hu\/index.php?rest_route=\/wp\/v2\/posts\/1051\/revisions\/1054"}],"wp:attachment":[{"href":"https:\/\/emlekpont.hu\/index.php?rest_route=%2Fwp%2Fv2%2Fmedia&parent=1051"}],"wp:term":[{"taxonomy":"category","embeddable":true,"href":"https:\/\/emlekpont.hu\/index.php?rest_route=%2Fwp%2Fv2%2Fcategories&post=1051"},{"taxonomy":"post_tag","embeddable":true,"href":"https:\/\/emlekpont.hu\/index.php?rest_route=%2Fwp%2Fv2%2Ftags&post=1051"}],"curies":[{"name":"wp","href":"https:\/\/api.w.org\/{rel}","templated":true}]}}