{"id":1045,"date":"2019-12-14T18:26:33","date_gmt":"2019-12-14T18:26:33","guid":{"rendered":"https:\/\/emlekpont.hu\/?p=1045"},"modified":"2019-12-14T18:27:02","modified_gmt":"2019-12-14T18:27:02","slug":"herczeg-mihaly-tanar-nyugalmazott-leveltari-igazgato","status":"publish","type":"post","link":"https:\/\/emlekpont.hu\/?p=1045","title":{"rendered":"Herczeg Mih\u00e1ly, tan\u00e1r, nyugalmazott lev\u00e9lt\u00e1ri igazgat\u00f3"},"content":{"rendered":"\t\t<div data-elementor-type=\"wp-post\" data-elementor-id=\"1045\" class=\"elementor elementor-1045\" data-elementor-post-type=\"post\">\n\t\t\t\t\t\t<section class=\"elementor-section elementor-top-section elementor-element elementor-element-d023c20 elementor-section-boxed elementor-section-height-default elementor-section-height-default\" data-id=\"d023c20\" data-element_type=\"section\">\n\t\t\t\t\t\t<div class=\"elementor-container elementor-column-gap-default\">\n\t\t\t\t\t<div class=\"elementor-column elementor-col-100 elementor-top-column elementor-element elementor-element-84663b4\" data-id=\"84663b4\" data-element_type=\"column\">\n\t\t\t<div class=\"elementor-widget-wrap elementor-element-populated\">\n\t\t\t\t\t\t<div class=\"elementor-element elementor-element-7aca1c5 elementor-position-top elementor-widget elementor-widget-image-box\" data-id=\"7aca1c5\" data-element_type=\"widget\" data-widget_type=\"image-box.default\">\n\t\t\t\t<div class=\"elementor-widget-container\">\n\t\t\t<div class=\"elementor-image-box-wrapper\"><figure class=\"elementor-image-box-img\"><img fetchpriority=\"high\" decoding=\"async\" width=\"330\" height=\"400\" src=\"https:\/\/emlekpont.hu\/wp-content\/uploads\/2019\/12\/letrehozok-003.jpg\" class=\"attachment-full size-full wp-image-642\" alt=\"\" srcset=\"https:\/\/emlekpont.hu\/wp-content\/uploads\/2019\/12\/letrehozok-003.jpg 330w, https:\/\/emlekpont.hu\/wp-content\/uploads\/2019\/12\/letrehozok-003-248x300.jpg 248w, https:\/\/emlekpont.hu\/wp-content\/uploads\/2019\/12\/letrehozok-003-230x279.jpg 230w\" sizes=\"(max-width: 330px) 100vw, 330px\" \/><\/figure><div class=\"elementor-image-box-content\"><p class=\"elementor-image-box-description\"><p style=\"text-align: justify\">\nB\u00e9k\u00e9ss\u00e1msonon sz\u00fcletett 1926-ban. A szegedi Pedag\u00f3giai F\u0151iskol\u00e1n biol\u00f3gia - f\u00f6ldrajz szakos \u00e1ltal\u00e1nos iskolai tan\u00e1ri diplom\u00e1t szerzett. 1952-t\u0151l 1964-ig tan\u00edt\u00f3k\u00e9nt dolgozik. 1964 \u00e9s 1974 k\u00f6z\u00f6tt \u00e1ltal\u00e1nos iskolai tan\u00e1r, majd 1974-t\u0151l 1976-ig igazgat\u00f3 a Kiss Lajos \u00c1ltal\u00e1nos Iskol\u00e1ban. 1976 \u00e9s 1986 k\u00f6z\u00f6tt a Csongr\u00e1d Megyei Lev\u00e9lt\u00e1r h\u00f3dmez\u0151v\u00e1s\u00e1rhelyi fi\u00f3klev\u00e9lt\u00e1rban igazgat\u00f3. 1990 \u00f3ta a H\u00f3dmez\u0151v\u00e1s\u00e1rhelyi Megyei Jog\u00fa V\u00e1ros \u00d6nkorm\u00e1nyzat\u00e1nak k\u00e9pvisel\u0151je, a v\u00e1rosfejleszt\u00e9si, k\u00f6rnyezetv\u00e9delmi \u00e9s szolg\u00e1ltat\u00e1si bizotts\u00e1g tagja. A Szeremlei T\u00e1rsas\u00e1g eln\u00f6ke.\n<\/p><\/p><\/div><\/div>\t\t<\/div>\n\t\t\t\t<\/div>\n\t\t\t\t\t<\/div>\n\t\t<\/div>\n\t\t\t\t\t<\/div>\n\t\t<\/section>\n\t\t\t\t<\/div>\n\t\t","protected":false},"excerpt":{"rendered":"<p>B\u00e9k\u00e9ss\u00e1msonon sz\u00fcletett 1926-ban. A szegedi Pedag\u00f3giai F\u0151iskol\u00e1n biol\u00f3gia &#8211; f\u00f6ldrajz szakos \u00e1ltal\u00e1nos iskolai tan\u00e1ri diplom\u00e1t szerzett. 1952-t\u0151l 1964-ig tan\u00edt\u00f3k\u00e9nt dolgozik. 1964 \u00e9s 1974 k\u00f6z\u00f6tt \u00e1ltal\u00e1nos iskolai tan\u00e1r, majd 1974-t\u0151l 1976-ig igazgat\u00f3 a Kiss Lajos \u00c1ltal\u00e1nos Iskol\u00e1ban. 1976 \u00e9s 1986 k\u00f6z\u00f6tt a Csongr\u00e1d Megyei Lev\u00e9lt\u00e1r h\u00f3dmez\u0151v\u00e1s\u00e1rhelyi fi\u00f3klev\u00e9lt\u00e1rban igazgat\u00f3. 1990 \u00f3ta a H\u00f3dmez\u0151v\u00e1s\u00e1rhelyi Megyei Jog\u00fa V\u00e1ros \u00d6nkorm\u00e1nyzat\u00e1nak [&hellip;]<\/p>\n","protected":false},"author":5,"featured_media":0,"comment_status":"closed","ping_status":"closed","sticky":false,"template":"","format":"standard","meta":{"footnotes":""},"categories":[7],"tags":[],"_links":{"self":[{"href":"https:\/\/emlekpont.hu\/index.php?rest_route=\/wp\/v2\/posts\/1045"}],"collection":[{"href":"https:\/\/emlekpont.hu\/index.php?rest_route=\/wp\/v2\/posts"}],"about":[{"href":"https:\/\/emlekpont.hu\/index.php?rest_route=\/wp\/v2\/types\/post"}],"author":[{"embeddable":true,"href":"https:\/\/emlekpont.hu\/index.php?rest_route=\/wp\/v2\/users\/5"}],"replies":[{"embeddable":true,"href":"https:\/\/emlekpont.hu\/index.php?rest_route=%2Fwp%2Fv2%2Fcomments&post=1045"}],"version-history":[{"count":2,"href":"https:\/\/emlekpont.hu\/index.php?rest_route=\/wp\/v2\/posts\/1045\/revisions"}],"predecessor-version":[{"id":1047,"href":"https:\/\/emlekpont.hu\/index.php?rest_route=\/wp\/v2\/posts\/1045\/revisions\/1047"}],"wp:attachment":[{"href":"https:\/\/emlekpont.hu\/index.php?rest_route=%2Fwp%2Fv2%2Fmedia&parent=1045"}],"wp:term":[{"taxonomy":"category","embeddable":true,"href":"https:\/\/emlekpont.hu\/index.php?rest_route=%2Fwp%2Fv2%2Fcategories&post=1045"},{"taxonomy":"post_tag","embeddable":true,"href":"https:\/\/emlekpont.hu\/index.php?rest_route=%2Fwp%2Fv2%2Ftags&post=1045"}],"curies":[{"name":"wp","href":"https:\/\/api.w.org\/{rel}","templated":true}]}}