{"id":1034,"date":"2019-12-14T18:23:21","date_gmt":"2019-12-14T18:23:21","guid":{"rendered":"https:\/\/emlekpont.hu\/?p=1034"},"modified":"2019-12-14T18:23:57","modified_gmt":"2019-12-14T18:23:57","slug":"nagy-levente-tortenesz","status":"publish","type":"post","link":"https:\/\/emlekpont.hu\/?p=1034","title":{"rendered":"Nagy Levente, t\u00f6rt\u00e9n\u00e9sz"},"content":{"rendered":"\t\t<div data-elementor-type=\"wp-post\" data-elementor-id=\"1034\" class=\"elementor elementor-1034\" data-elementor-post-type=\"post\">\n\t\t\t\t\t\t<section class=\"elementor-section elementor-top-section elementor-element elementor-element-d023c20 elementor-section-boxed elementor-section-height-default elementor-section-height-default\" data-id=\"d023c20\" data-element_type=\"section\">\n\t\t\t\t\t\t<div class=\"elementor-container elementor-column-gap-default\">\n\t\t\t\t\t<div class=\"elementor-column elementor-col-100 elementor-top-column elementor-element elementor-element-84663b4\" data-id=\"84663b4\" data-element_type=\"column\">\n\t\t\t<div class=\"elementor-widget-wrap elementor-element-populated\">\n\t\t\t\t\t\t<div class=\"elementor-element elementor-element-7aca1c5 elementor-position-top elementor-widget elementor-widget-image-box\" data-id=\"7aca1c5\" data-element_type=\"widget\" data-widget_type=\"image-box.default\">\n\t\t\t\t<div class=\"elementor-widget-container\">\n\t\t\t<div class=\"elementor-image-box-wrapper\"><figure class=\"elementor-image-box-img\"><img fetchpriority=\"high\" decoding=\"async\" width=\"330\" height=\"400\" src=\"https:\/\/emlekpont.hu\/wp-content\/uploads\/2019\/12\/letrehozok-016.jpg\" class=\"attachment-full size-full wp-image-620\" alt=\"\" srcset=\"https:\/\/emlekpont.hu\/wp-content\/uploads\/2019\/12\/letrehozok-016.jpg 330w, https:\/\/emlekpont.hu\/wp-content\/uploads\/2019\/12\/letrehozok-016-248x300.jpg 248w, https:\/\/emlekpont.hu\/wp-content\/uploads\/2019\/12\/letrehozok-016-230x279.jpg 230w\" sizes=\"(max-width: 330px) 100vw, 330px\" \/><\/figure><div class=\"elementor-image-box-content\"><p class=\"elementor-image-box-description\"><p style=\"text-align: justify\">\n1972-ben sz\u00fcletett Budapesten. 2000-ben v\u00e9gzett a budapesti E\u00f6tv\u00f6s Lor\u00e1nd Tudom\u00e1nyegyetem B\u00f6lcs\u00e9szettudom\u00e1nyi Kar\u00e1nak t\u00f6rt\u00e9nelem szak\u00e1n, majd 2002-ben az ELTE BTK politikaelm\u00e9let szak\u00e1n szerzett diplom\u00e1t. 2001-t\u0151l a K\u00f6z\u00e9p- \u00e9s Kelet-eur\u00f3pai T\u00f6rt\u00e9nelem \u00e9s T\u00e1rsadalom Kutat\u00e1s\u00e1\u00e9rt K\u00f6zalap\u00edtv\u00e1ny munkat\u00e1rsak\u00e9nt r\u00e9szt vett a Terror H\u00e1za M\u00fazeum \u00e1lland\u00f3 \u00e9s id\u0151szaki ki\u00e1ll\u00edt\u00e1sainak l\u00e9trehoz\u00e1s\u00e1ban. 2003 \u00f3ta a PPKE t\u00f6rt\u00e9nettudom\u00e1nyi doktori iskol\u00e1j\u00e1nak hallgat\u00f3ja. Kutat\u00e1si ter\u00fclete az 1945 \u00e9s 1956 k\u00f6z\u00f6tti magyarorsz\u00e1gi antikommunista ellen\u00e1ll\u00e1s.\n<\/p><\/p><\/div><\/div>\t\t<\/div>\n\t\t\t\t<\/div>\n\t\t\t\t\t<\/div>\n\t\t<\/div>\n\t\t\t\t\t<\/div>\n\t\t<\/section>\n\t\t\t\t<\/div>\n\t\t","protected":false},"excerpt":{"rendered":"<p>1972-ben sz\u00fcletett Budapesten. 2000-ben v\u00e9gzett a budapesti E\u00f6tv\u00f6s Lor\u00e1nd Tudom\u00e1nyegyetem B\u00f6lcs\u00e9szettudom\u00e1nyi Kar\u00e1nak t\u00f6rt\u00e9nelem szak\u00e1n, majd 2002-ben az ELTE BTK politikaelm\u00e9let szak\u00e1n szerzett diplom\u00e1t. 2001-t\u0151l a K\u00f6z\u00e9p- \u00e9s Kelet-eur\u00f3pai T\u00f6rt\u00e9nelem \u00e9s T\u00e1rsadalom Kutat\u00e1s\u00e1\u00e9rt K\u00f6zalap\u00edtv\u00e1ny munkat\u00e1rsak\u00e9nt r\u00e9szt vett a Terror H\u00e1za M\u00fazeum \u00e1lland\u00f3 \u00e9s id\u0151szaki ki\u00e1ll\u00edt\u00e1sainak l\u00e9trehoz\u00e1s\u00e1ban. 2003 \u00f3ta a PPKE t\u00f6rt\u00e9nettudom\u00e1nyi doktori iskol\u00e1j\u00e1nak hallgat\u00f3ja. Kutat\u00e1si ter\u00fclete [&hellip;]<\/p>\n","protected":false},"author":5,"featured_media":0,"comment_status":"closed","ping_status":"closed","sticky":false,"template":"","format":"standard","meta":{"footnotes":""},"categories":[7],"tags":[],"_links":{"self":[{"href":"https:\/\/emlekpont.hu\/index.php?rest_route=\/wp\/v2\/posts\/1034"}],"collection":[{"href":"https:\/\/emlekpont.hu\/index.php?rest_route=\/wp\/v2\/posts"}],"about":[{"href":"https:\/\/emlekpont.hu\/index.php?rest_route=\/wp\/v2\/types\/post"}],"author":[{"embeddable":true,"href":"https:\/\/emlekpont.hu\/index.php?rest_route=\/wp\/v2\/users\/5"}],"replies":[{"embeddable":true,"href":"https:\/\/emlekpont.hu\/index.php?rest_route=%2Fwp%2Fv2%2Fcomments&post=1034"}],"version-history":[{"count":2,"href":"https:\/\/emlekpont.hu\/index.php?rest_route=\/wp\/v2\/posts\/1034\/revisions"}],"predecessor-version":[{"id":1036,"href":"https:\/\/emlekpont.hu\/index.php?rest_route=\/wp\/v2\/posts\/1034\/revisions\/1036"}],"wp:attachment":[{"href":"https:\/\/emlekpont.hu\/index.php?rest_route=%2Fwp%2Fv2%2Fmedia&parent=1034"}],"wp:term":[{"taxonomy":"category","embeddable":true,"href":"https:\/\/emlekpont.hu\/index.php?rest_route=%2Fwp%2Fv2%2Fcategories&post=1034"},{"taxonomy":"post_tag","embeddable":true,"href":"https:\/\/emlekpont.hu\/index.php?rest_route=%2Fwp%2Fv2%2Ftags&post=1034"}],"curies":[{"name":"wp","href":"https:\/\/api.w.org\/{rel}","templated":true}]}}