{"id":1029,"date":"2019-12-14T18:22:12","date_gmt":"2019-12-14T18:22:12","guid":{"rendered":"https:\/\/emlekpont.hu\/?p=1029"},"modified":"2019-12-14T18:22:48","modified_gmt":"2019-12-14T18:22:48","slug":"szalai-andras-epiteszmernok-muveszettortenesz","status":"publish","type":"post","link":"https:\/\/emlekpont.hu\/?p=1029","title":{"rendered":"Szalai Andr\u00e1s, \u00e9p\u00edt\u00e9szm\u00e9rn\u00f6k, m\u0171v\u00e9szett\u00f6rt\u00e9n\u00e9sz"},"content":{"rendered":"\t\t<div data-elementor-type=\"wp-post\" data-elementor-id=\"1029\" class=\"elementor elementor-1029\" data-elementor-post-type=\"post\">\n\t\t\t\t\t\t<section class=\"elementor-section elementor-top-section elementor-element elementor-element-d023c20 elementor-section-boxed elementor-section-height-default elementor-section-height-default\" data-id=\"d023c20\" data-element_type=\"section\">\n\t\t\t\t\t\t<div class=\"elementor-container elementor-column-gap-default\">\n\t\t\t\t\t<div class=\"elementor-column elementor-col-100 elementor-top-column elementor-element elementor-element-84663b4\" data-id=\"84663b4\" data-element_type=\"column\">\n\t\t\t<div class=\"elementor-widget-wrap elementor-element-populated\">\n\t\t\t\t\t\t<div class=\"elementor-element elementor-element-7aca1c5 elementor-position-top elementor-widget elementor-widget-image-box\" data-id=\"7aca1c5\" data-element_type=\"widget\" data-widget_type=\"image-box.default\">\n\t\t\t\t<div class=\"elementor-widget-container\">\n\t\t\t<div class=\"elementor-image-box-wrapper\"><figure class=\"elementor-image-box-img\"><img fetchpriority=\"high\" decoding=\"async\" width=\"330\" height=\"400\" src=\"https:\/\/emlekpont.hu\/wp-content\/uploads\/2019\/12\/letrehozok-023.jpg\" class=\"attachment-full size-full wp-image-627\" alt=\"\" srcset=\"https:\/\/emlekpont.hu\/wp-content\/uploads\/2019\/12\/letrehozok-023.jpg 330w, https:\/\/emlekpont.hu\/wp-content\/uploads\/2019\/12\/letrehozok-023-248x300.jpg 248w, https:\/\/emlekpont.hu\/wp-content\/uploads\/2019\/12\/letrehozok-023-230x279.jpg 230w\" sizes=\"(max-width: 330px) 100vw, 330px\" \/><\/figure><div class=\"elementor-image-box-content\"><p class=\"elementor-image-box-description\"><p style=\"text-align: justify\">\n1953-ban sz\u00fcletett Mak\u00f3n. Egyetemi tanulm\u00e1nyait a Budapesti M\u0171szaki Egyetem \u00c9p\u00edt\u00e9szm\u00e9rn\u00f6ki Kar\u00e1n kezdte meg, ahol 1978-ban szerzett oklevelet. M\u00e1sodik diplom\u00e1j\u00e1t 1987-ben a budapesti E\u00f6tv\u00f6s Lor\u00e1nd Tudom\u00e1nyegyetem B\u00f6lcs\u00e9szettudom\u00e1nyi Kar m\u0171v\u00e9szett\u00f6rt\u00e9neti szak\u00e1n szerezte meg. 1978 \u00e9s 1987 k\u00f6z\u00f6tt a Szentendrei Szabadt\u00e9ri N\u00e9prajzi M\u00fazeum t\u00e1jegys\u00e9gfelel\u0151s \u00e9p\u00edt\u00e9sze \u00e9s tudom\u00e1nyos seg\u00e9dmunkat\u00e1rsa. A Magyar Iparm\u0171v\u00e9szeti F\u0151iskol\u00e1n 1985-t\u0151l, a Budapesti M\u0171szaki Egyetem \u00c9p\u00edt\u00e9szm\u00e9rn\u00f6ki Kar\u00e1n 1990 \u00f3ta tan\u00edt: az \u00c9p\u00edt\u00e9szett\u00f6rt\u00e9neti \u00e9s M\u0171eml\u00e9ki Tansz\u00e9k adjunktusa, ahol \u00e9p\u00edt\u00e9szett\u00f6rt\u00e9netet, m\u0171v\u00e9szett\u00f6rt\u00e9netet \u00e9s tervez\u00e9st is oktat. A Magyar \u00c9p\u00edt\u00e9szek Kamar\u00e1j\u00e1nak alap\u00edt\u00f3 tagja (1990).\n<\/p><\/p><\/div><\/div>\t\t<\/div>\n\t\t\t\t<\/div>\n\t\t\t\t\t<\/div>\n\t\t<\/div>\n\t\t\t\t\t<\/div>\n\t\t<\/section>\n\t\t\t\t<\/div>\n\t\t","protected":false},"excerpt":{"rendered":"<p>1953-ban sz\u00fcletett Mak\u00f3n. Egyetemi tanulm\u00e1nyait a Budapesti M\u0171szaki Egyetem \u00c9p\u00edt\u00e9szm\u00e9rn\u00f6ki Kar\u00e1n kezdte meg, ahol 1978-ban szerzett oklevelet. M\u00e1sodik diplom\u00e1j\u00e1t 1987-ben a budapesti E\u00f6tv\u00f6s Lor\u00e1nd Tudom\u00e1nyegyetem B\u00f6lcs\u00e9szettudom\u00e1nyi Kar m\u0171v\u00e9szett\u00f6rt\u00e9neti szak\u00e1n szerezte meg. 1978 \u00e9s 1987 k\u00f6z\u00f6tt a Szentendrei Szabadt\u00e9ri N\u00e9prajzi M\u00fazeum t\u00e1jegys\u00e9gfelel\u0151s \u00e9p\u00edt\u00e9sze \u00e9s tudom\u00e1nyos seg\u00e9dmunkat\u00e1rsa. A Magyar Iparm\u0171v\u00e9szeti F\u0151iskol\u00e1n 1985-t\u0151l, a Budapesti M\u0171szaki Egyetem \u00c9p\u00edt\u00e9szm\u00e9rn\u00f6ki [&hellip;]<\/p>\n","protected":false},"author":5,"featured_media":0,"comment_status":"closed","ping_status":"closed","sticky":false,"template":"","format":"standard","meta":{"footnotes":""},"categories":[7],"tags":[],"_links":{"self":[{"href":"https:\/\/emlekpont.hu\/index.php?rest_route=\/wp\/v2\/posts\/1029"}],"collection":[{"href":"https:\/\/emlekpont.hu\/index.php?rest_route=\/wp\/v2\/posts"}],"about":[{"href":"https:\/\/emlekpont.hu\/index.php?rest_route=\/wp\/v2\/types\/post"}],"author":[{"embeddable":true,"href":"https:\/\/emlekpont.hu\/index.php?rest_route=\/wp\/v2\/users\/5"}],"replies":[{"embeddable":true,"href":"https:\/\/emlekpont.hu\/index.php?rest_route=%2Fwp%2Fv2%2Fcomments&post=1029"}],"version-history":[{"count":2,"href":"https:\/\/emlekpont.hu\/index.php?rest_route=\/wp\/v2\/posts\/1029\/revisions"}],"predecessor-version":[{"id":1033,"href":"https:\/\/emlekpont.hu\/index.php?rest_route=\/wp\/v2\/posts\/1029\/revisions\/1033"}],"wp:attachment":[{"href":"https:\/\/emlekpont.hu\/index.php?rest_route=%2Fwp%2Fv2%2Fmedia&parent=1029"}],"wp:term":[{"taxonomy":"category","embeddable":true,"href":"https:\/\/emlekpont.hu\/index.php?rest_route=%2Fwp%2Fv2%2Fcategories&post=1029"},{"taxonomy":"post_tag","embeddable":true,"href":"https:\/\/emlekpont.hu\/index.php?rest_route=%2Fwp%2Fv2%2Ftags&post=1029"}],"curies":[{"name":"wp","href":"https:\/\/api.w.org\/{rel}","templated":true}]}}