{"id":1026,"date":"2019-12-14T18:21:13","date_gmt":"2019-12-14T18:21:13","guid":{"rendered":"https:\/\/emlekpont.hu\/?p=1026"},"modified":"2019-12-14T18:21:38","modified_gmt":"2019-12-14T18:21:38","slug":"szenti-tibor-iro-neprajzkutato","status":"publish","type":"post","link":"https:\/\/emlekpont.hu\/?p=1026","title":{"rendered":"Szenti Tibor, \u00edr\u00f3, n\u00e9prajzkutat\u00f3"},"content":{"rendered":"\t\t<div data-elementor-type=\"wp-post\" data-elementor-id=\"1026\" class=\"elementor elementor-1026\" data-elementor-post-type=\"post\">\n\t\t\t\t\t\t<section class=\"elementor-section elementor-top-section elementor-element elementor-element-d023c20 elementor-section-boxed elementor-section-height-default elementor-section-height-default\" data-id=\"d023c20\" data-element_type=\"section\">\n\t\t\t\t\t\t<div class=\"elementor-container elementor-column-gap-default\">\n\t\t\t\t\t<div class=\"elementor-column elementor-col-100 elementor-top-column elementor-element elementor-element-84663b4\" data-id=\"84663b4\" data-element_type=\"column\">\n\t\t\t<div class=\"elementor-widget-wrap elementor-element-populated\">\n\t\t\t\t\t\t<div class=\"elementor-element elementor-element-7aca1c5 elementor-position-top elementor-widget elementor-widget-image-box\" data-id=\"7aca1c5\" data-element_type=\"widget\" data-widget_type=\"image-box.default\">\n\t\t\t\t<div class=\"elementor-widget-container\">\n\t\t\t<div class=\"elementor-image-box-wrapper\"><figure class=\"elementor-image-box-img\"><img fetchpriority=\"high\" decoding=\"async\" width=\"330\" height=\"400\" src=\"https:\/\/emlekpont.hu\/wp-content\/uploads\/2019\/12\/letrehozok-024.jpg\" class=\"attachment-full size-full wp-image-628\" alt=\"\" srcset=\"https:\/\/emlekpont.hu\/wp-content\/uploads\/2019\/12\/letrehozok-024.jpg 330w, https:\/\/emlekpont.hu\/wp-content\/uploads\/2019\/12\/letrehozok-024-248x300.jpg 248w, https:\/\/emlekpont.hu\/wp-content\/uploads\/2019\/12\/letrehozok-024-230x279.jpg 230w\" sizes=\"(max-width: 330px) 100vw, 330px\" \/><\/figure><div class=\"elementor-image-box-content\"><p class=\"elementor-image-box-description\"><p style=\"text-align: justify\">\nH\u00f3dmez\u0151v\u00e1s\u00e1rhelyen sz\u00fcletett 1939-ben. Fels\u0151fok\u00fa tanulm\u00e1nyait az \u00f3budai fels\u0151fok\u00fa szakiskol\u00e1ban kezdte, 1979-ben az Orvostov\u00e1bbk\u00e9pz\u0151 Int\u00e9zet Eg\u00e9szs\u00e9g\u00fcgyi F\u0151iskolai Kar\u00e1n szerzett diplom\u00e1t. 1980-ban a v\u00e1s\u00e1rhelyi Mez\u0151gazdas\u00e1gi F\u0151iskol\u00e1n \u00fczemm\u00e9rn\u00f6kk\u00e9nt egy \u00e9vig szakoktat\u00f3k\u00e9nt dolgozott, m\u00e1ig a f\u0151iskola agr\u00e1rt\u00f6rt\u00e9n\u00e9sz tudom\u00e1nyos munkat\u00e1rsa. 1980-t\u00f3l a v\u00e1s\u00e1rhelyi Erzs\u00e9bet K\u00f3rh\u00e1zban el\u0151bb higi\u00e9nikusk\u00e9nt, majd eg\u00e9szs\u00e9gnevel\u0151k\u00e9nt dolgozott. Sz\u00e1mos k\u00f6nyve jelent meg, t\u00f6bbek k\u00f6zt a tanyavil\u00e1gr\u00f3l.\n<\/p><\/p><\/div><\/div>\t\t<\/div>\n\t\t\t\t<\/div>\n\t\t\t\t\t<\/div>\n\t\t<\/div>\n\t\t\t\t\t<\/div>\n\t\t<\/section>\n\t\t\t\t<\/div>\n\t\t","protected":false},"excerpt":{"rendered":"<p>H\u00f3dmez\u0151v\u00e1s\u00e1rhelyen sz\u00fcletett 1939-ben. Fels\u0151fok\u00fa tanulm\u00e1nyait az \u00f3budai fels\u0151fok\u00fa szakiskol\u00e1ban kezdte, 1979-ben az Orvostov\u00e1bbk\u00e9pz\u0151 Int\u00e9zet Eg\u00e9szs\u00e9g\u00fcgyi F\u0151iskolai Kar\u00e1n szerzett diplom\u00e1t. 1980-ban a v\u00e1s\u00e1rhelyi Mez\u0151gazdas\u00e1gi F\u0151iskol\u00e1n \u00fczemm\u00e9rn\u00f6kk\u00e9nt egy \u00e9vig szakoktat\u00f3k\u00e9nt dolgozott, m\u00e1ig a f\u0151iskola agr\u00e1rt\u00f6rt\u00e9n\u00e9sz tudom\u00e1nyos munkat\u00e1rsa. 1980-t\u00f3l a v\u00e1s\u00e1rhelyi Erzs\u00e9bet K\u00f3rh\u00e1zban el\u0151bb higi\u00e9nikusk\u00e9nt, majd eg\u00e9szs\u00e9gnevel\u0151k\u00e9nt dolgozott. Sz\u00e1mos k\u00f6nyve jelent meg, t\u00f6bbek k\u00f6zt a tanyavil\u00e1gr\u00f3l.<\/p>\n","protected":false},"author":5,"featured_media":0,"comment_status":"closed","ping_status":"closed","sticky":false,"template":"","format":"standard","meta":{"footnotes":""},"categories":[7],"tags":[],"_links":{"self":[{"href":"https:\/\/emlekpont.hu\/index.php?rest_route=\/wp\/v2\/posts\/1026"}],"collection":[{"href":"https:\/\/emlekpont.hu\/index.php?rest_route=\/wp\/v2\/posts"}],"about":[{"href":"https:\/\/emlekpont.hu\/index.php?rest_route=\/wp\/v2\/types\/post"}],"author":[{"embeddable":true,"href":"https:\/\/emlekpont.hu\/index.php?rest_route=\/wp\/v2\/users\/5"}],"replies":[{"embeddable":true,"href":"https:\/\/emlekpont.hu\/index.php?rest_route=%2Fwp%2Fv2%2Fcomments&post=1026"}],"version-history":[{"count":2,"href":"https:\/\/emlekpont.hu\/index.php?rest_route=\/wp\/v2\/posts\/1026\/revisions"}],"predecessor-version":[{"id":1028,"href":"https:\/\/emlekpont.hu\/index.php?rest_route=\/wp\/v2\/posts\/1026\/revisions\/1028"}],"wp:attachment":[{"href":"https:\/\/emlekpont.hu\/index.php?rest_route=%2Fwp%2Fv2%2Fmedia&parent=1026"}],"wp:term":[{"taxonomy":"category","embeddable":true,"href":"https:\/\/emlekpont.hu\/index.php?rest_route=%2Fwp%2Fv2%2Fcategories&post=1026"},{"taxonomy":"post_tag","embeddable":true,"href":"https:\/\/emlekpont.hu\/index.php?rest_route=%2Fwp%2Fv2%2Ftags&post=1026"}],"curies":[{"name":"wp","href":"https:\/\/api.w.org\/{rel}","templated":true}]}}