{"id":1015,"date":"2019-12-14T18:10:50","date_gmt":"2019-12-14T18:10:50","guid":{"rendered":"https:\/\/emlekpont.hu\/?p=1015"},"modified":"2019-12-14T18:11:36","modified_gmt":"2019-12-14T18:11:36","slug":"hegedusne-dekany-magdolna-nepmuvelo-muveszeti-referens","status":"publish","type":"post","link":"https:\/\/emlekpont.hu\/?p=1015","title":{"rendered":"Heged\u0171sn\u00e9 D\u00e9k\u00e1ny Magdolna, n\u00e9pm\u0171vel\u0151, m\u0171v\u00e9szeti referens"},"content":{"rendered":"\t\t<div data-elementor-type=\"wp-post\" data-elementor-id=\"1015\" class=\"elementor elementor-1015\" data-elementor-post-type=\"post\">\n\t\t\t\t\t\t<section class=\"elementor-section elementor-top-section elementor-element elementor-element-d023c20 elementor-section-boxed elementor-section-height-default elementor-section-height-default\" data-id=\"d023c20\" data-element_type=\"section\">\n\t\t\t\t\t\t<div class=\"elementor-container elementor-column-gap-default\">\n\t\t\t\t\t<div class=\"elementor-column elementor-col-100 elementor-top-column elementor-element elementor-element-84663b4\" data-id=\"84663b4\" data-element_type=\"column\">\n\t\t\t<div class=\"elementor-widget-wrap elementor-element-populated\">\n\t\t\t\t\t\t<div class=\"elementor-element elementor-element-7aca1c5 elementor-position-top elementor-widget elementor-widget-image-box\" data-id=\"7aca1c5\" data-element_type=\"widget\" data-widget_type=\"image-box.default\">\n\t\t\t\t<div class=\"elementor-widget-container\">\n\t\t\t<div class=\"elementor-image-box-wrapper\"><figure class=\"elementor-image-box-img\"><img fetchpriority=\"high\" decoding=\"async\" width=\"330\" height=\"400\" src=\"https:\/\/emlekpont.hu\/wp-content\/uploads\/2019\/12\/letrehozok-002.jpg\" class=\"attachment-full size-full wp-image-641\" alt=\"\" srcset=\"https:\/\/emlekpont.hu\/wp-content\/uploads\/2019\/12\/letrehozok-002.jpg 330w, https:\/\/emlekpont.hu\/wp-content\/uploads\/2019\/12\/letrehozok-002-248x300.jpg 248w, https:\/\/emlekpont.hu\/wp-content\/uploads\/2019\/12\/letrehozok-002-230x279.jpg 230w\" sizes=\"(max-width: 330px) 100vw, 330px\" \/><\/figure><div class=\"elementor-image-box-content\"><p class=\"elementor-image-box-description\"><p style=\"text-align: justify\">1953-ban H\u00f3dmez\u0151v\u00e1s\u00e1rhelyen sz\u00fcletett. A szegedi Juh\u00e1sz Gyula Tan\u00e1rk\u00e9pz\u0151 F\u0151iskol\u00e1n magyar-n\u00e9pm\u0171vel\u0151 szakon szerzett oklevelet 1982-ben. 1972-t\u0151l 1977-ig tervez\u0151 a H\u00f3dmez\u0151v\u00e1s\u00e1rhelyi N\u00e9pm\u0171v\u00e9szeti \u00e9s H\u00e1ziipari Sz\u00f6vets\u00e9gn\u00e9l, k\u00e9s\u0151bb n\u00e9pm\u0171vel\u0151 a H\u00f3dmez\u0151v\u00e1s\u00e1rhelyi Tornyai J\u00e1nos M\u00fazeumban. 1996-t\u00f3l a Budapesti Iparm\u0171v\u00e9szeti F\u0151iskol\u00e1n dolgozik. A H\u00f3dmez\u0151v\u00e1s\u00e1rhelyi V\u00e1rosi Tan\u00e1cs m\u0171vel\u0151d\u00e9si oszt\u00e1ly\u00e1n k\u00f6zm\u0171vel\u0151d\u00e9si fel\u00fcgyel\u0151, majd az \u00f6nkorm\u00e1nyzati hivatalban m\u0171v\u00e9szeti referens. A N\u00e9meth L\u00e1szl\u00f3 T\u00e1rsas\u00e1g egyik alap\u00edt\u00f3ja.\n<\/p><\/p><\/div><\/div>\t\t<\/div>\n\t\t\t\t<\/div>\n\t\t\t\t\t<\/div>\n\t\t<\/div>\n\t\t\t\t\t<\/div>\n\t\t<\/section>\n\t\t\t\t<\/div>\n\t\t","protected":false},"excerpt":{"rendered":"<p>1953-ban H\u00f3dmez\u0151v\u00e1s\u00e1rhelyen sz\u00fcletett. A szegedi Juh\u00e1sz Gyula Tan\u00e1rk\u00e9pz\u0151 F\u0151iskol\u00e1n magyar-n\u00e9pm\u0171vel\u0151 szakon szerzett oklevelet 1982-ben. 1972-t\u0151l 1977-ig tervez\u0151 a H\u00f3dmez\u0151v\u00e1s\u00e1rhelyi N\u00e9pm\u0171v\u00e9szeti \u00e9s H\u00e1ziipari Sz\u00f6vets\u00e9gn\u00e9l, k\u00e9s\u0151bb n\u00e9pm\u0171vel\u0151 a H\u00f3dmez\u0151v\u00e1s\u00e1rhelyi Tornyai J\u00e1nos M\u00fazeumban. 1996-t\u00f3l a Budapesti Iparm\u0171v\u00e9szeti F\u0151iskol\u00e1n dolgozik. A H\u00f3dmez\u0151v\u00e1s\u00e1rhelyi V\u00e1rosi Tan\u00e1cs m\u0171vel\u0151d\u00e9si oszt\u00e1ly\u00e1n k\u00f6zm\u0171vel\u0151d\u00e9si fel\u00fcgyel\u0151, majd az \u00f6nkorm\u00e1nyzati hivatalban m\u0171v\u00e9szeti referens. A N\u00e9meth L\u00e1szl\u00f3 T\u00e1rsas\u00e1g egyik [&hellip;]<\/p>\n","protected":false},"author":5,"featured_media":0,"comment_status":"closed","ping_status":"closed","sticky":false,"template":"","format":"standard","meta":{"footnotes":""},"categories":[7],"tags":[],"_links":{"self":[{"href":"https:\/\/emlekpont.hu\/index.php?rest_route=\/wp\/v2\/posts\/1015"}],"collection":[{"href":"https:\/\/emlekpont.hu\/index.php?rest_route=\/wp\/v2\/posts"}],"about":[{"href":"https:\/\/emlekpont.hu\/index.php?rest_route=\/wp\/v2\/types\/post"}],"author":[{"embeddable":true,"href":"https:\/\/emlekpont.hu\/index.php?rest_route=\/wp\/v2\/users\/5"}],"replies":[{"embeddable":true,"href":"https:\/\/emlekpont.hu\/index.php?rest_route=%2Fwp%2Fv2%2Fcomments&post=1015"}],"version-history":[{"count":2,"href":"https:\/\/emlekpont.hu\/index.php?rest_route=\/wp\/v2\/posts\/1015\/revisions"}],"predecessor-version":[{"id":1017,"href":"https:\/\/emlekpont.hu\/index.php?rest_route=\/wp\/v2\/posts\/1015\/revisions\/1017"}],"wp:attachment":[{"href":"https:\/\/emlekpont.hu\/index.php?rest_route=%2Fwp%2Fv2%2Fmedia&parent=1015"}],"wp:term":[{"taxonomy":"category","embeddable":true,"href":"https:\/\/emlekpont.hu\/index.php?rest_route=%2Fwp%2Fv2%2Fcategories&post=1015"},{"taxonomy":"post_tag","embeddable":true,"href":"https:\/\/emlekpont.hu\/index.php?rest_route=%2Fwp%2Fv2%2Ftags&post=1015"}],"curies":[{"name":"wp","href":"https:\/\/api.w.org\/{rel}","templated":true}]}}